{"id":2003,"date":"2020-10-18T21:00:14","date_gmt":"2020-10-18T19:00:14","guid":{"rendered":"http:\/\/eglisethaborrennes.fr\/eglise\/?p=2003"},"modified":"2020-12-13T16:29:01","modified_gmt":"2020-12-13T15:29:01","slug":"presence-au-culte-du-25-octobre-2020","status":"publish","type":"post","link":"http:\/\/eglisethaborrennes.fr\/eglise\/presence-au-culte-du-25-octobre-2020\/","title":{"rendered":"Pr\u00e9sence au culte du 25 octobre 2020"},"content":{"rendered":"<p>Chers fr\u00e8res et s\u0153urs,<br \/>\nJe vous envoie le lien pour vous inscrire pour le dimanche 25 octobre.<\/p>\n<p>C\u2019est toujours avec beaucoup de joie que nous pouvons nous retrouver autour de notre Seigneur J\u00e9sus-Christ. Merci pour votre attitude respectueuse des normes sanitaires.<\/p>\n<p>Que le Seigneur vous garde cette semaine et qu\u2019il vous accompagne chaque jour.<\/p>\n<p>Au plaisir de se revoir dimanche<br \/>\nAffectueusement<br \/>\nM et Mme Leprat<\/p>\n<p><a href=\"https:\/\/doodle.com\/poll\/w7ibgxaghunmfms9\">https:\/\/doodle.com\/poll\/w7ibgxaghunmfms9<\/a><\/p>\n","protected":false},"excerpt":{"rendered":"<p>Chers fr\u00e8res et s\u0153urs, Je vous envoie le lien pour vous inscrire pour le dimanche 25 octobre. C\u2019est toujours avec beaucoup de joie que nous pouvons nous retrouver autour de notre Seigneur J\u00e9sus-Christ. Merci pour votre attitude respectueuse des normes sanitaires. Que le Seigneur vous garde cette semaine et qu\u2019il vous accompagne chaque jour. Au &hellip; <\/p>\n<p class=\"link-more\"><a href=\"http:\/\/eglisethaborrennes.fr\/eglise\/presence-au-culte-du-25-octobre-2020\/\" class=\"more-link\">Continuer la lecture<span class=\"screen-reader-text\"> de &laquo;&nbsp;Pr\u00e9sence au culte du 25 octobre 2020&nbsp;&raquo;<\/span><\/a><\/p>\n","protected":false},"author":1,"featured_media":0,"comment_status":"open","ping_status":"open","sticky":false,"template":"","format":"standard","meta":{"_mi_skip_tracking":false},"categories":[10],"tags":[],"_links":{"self":[{"href":"http:\/\/eglisethaborrennes.fr\/eglise\/wp-json\/wp\/v2\/posts\/2003"}],"collection":[{"href":"http:\/\/eglisethaborrennes.fr\/eglise\/wp-json\/wp\/v2\/posts"}],"about":[{"href":"http:\/\/eglisethaborrennes.fr\/eglise\/wp-json\/wp\/v2\/types\/post"}],"author":[{"embeddable":true,"href":"http:\/\/eglisethaborrennes.fr\/eglise\/wp-json\/wp\/v2\/users\/1"}],"replies":[{"embeddable":true,"href":"http:\/\/eglisethaborrennes.fr\/eglise\/wp-json\/wp\/v2\/comments?post=2003"}],"version-history":[{"count":1,"href":"http:\/\/eglisethaborrennes.fr\/eglise\/wp-json\/wp\/v2\/posts\/2003\/revisions"}],"predecessor-version":[{"id":2004,"href":"http:\/\/eglisethaborrennes.fr\/eglise\/wp-json\/wp\/v2\/posts\/2003\/revisions\/2004"}],"wp:attachment":[{"href":"http:\/\/eglisethaborrennes.fr\/eglise\/wp-json\/wp\/v2\/media?parent=2003"}],"wp:term":[{"taxonomy":"category","embeddable":true,"href":"http:\/\/eglisethaborrennes.fr\/eglise\/wp-json\/wp\/v2\/categories?post=2003"},{"taxonomy":"post_tag","embeddable":true,"href":"http:\/\/eglisethaborrennes.fr\/eglise\/wp-json\/wp\/v2\/tags?post=2003"}],"curies":[{"name":"wp","href":"https:\/\/api.w.org\/{rel}","templated":true}]}}