{"id":1906,"date":"2020-08-09T19:08:40","date_gmt":"2020-08-09T17:08:40","guid":{"rendered":"http:\/\/eglisethaborrennes.fr\/eglise\/?p=1906"},"modified":"2020-12-13T16:14:12","modified_gmt":"2020-12-13T15:14:12","slug":"dimanche-09-aout-2020la-fille-de-jairus","status":"publish","type":"post","link":"http:\/\/eglisethaborrennes.fr\/eglise\/dimanche-09-aout-2020la-fille-de-jairus\/","title":{"rendered":"Dimanche 09 ao\u00fbt 2020<br\/>La fille de Ja\u00efrus"},"content":{"rendered":"<p><strong>Vid\u00e9o : <em>\u00ab\u00a0La fille de Ja\u00efrus\u00a0\u00bb<\/em><\/strong><\/p>\n<div style=\"width: 525px;\" class=\"wp-video\"><!--[if lt IE 9]><script>document.createElement('video');<\/script><![endif]-->\n<video class=\"wp-video-shortcode\" id=\"video-1906-1\" width=\"525\" height=\"295\" preload=\"metadata\" controls=\"controls\"><source type=\"video\/mp4\" src=\"http:\/\/eglisethaborrennes.fr\/eglise\/wp-content\/uploads\/2020\/08\/La-fille-de-Jairus.mp4?_=1\" \/><a href=\"http:\/\/eglisethaborrennes.fr\/eglise\/wp-content\/uploads\/2020\/08\/La-fille-de-Jairus.mp4\">http:\/\/eglisethaborrennes.fr\/eglise\/wp-content\/uploads\/2020\/08\/La-fille-de-Jairus.mp4<\/a><\/video><\/div>\n<hr \/>\n<p><strong>Coloriage<br \/>\n<\/strong><em>T\u00e9l\u00e9chargez le fichier suivant :<\/em><\/p>\n<p><a href=\"http:\/\/eglisethaborrennes.fr\/eglise\/wp-content\/uploads\/2020\/08\/Coloriage.docx\">Coloriage<\/a><\/p>\n<hr \/>\n<p><strong>Grille de mots<br \/>\n<\/strong><em>T\u00e9l\u00e9chargez le fichier suivant :<\/em><\/p>\n<p><img loading=\"lazy\" src=\"http:\/\/eglisethaborrennes.fr\/eglise\/wp-content\/uploads\/2020\/08\/grilles-de-mots-210x300.png\" alt=\"\" width=\"210\" height=\"300\" class=\"alignnone size-medium wp-image-1909\" srcset=\"http:\/\/eglisethaborrennes.fr\/eglise\/wp-content\/uploads\/2020\/08\/grilles-de-mots-210x300.png 210w, http:\/\/eglisethaborrennes.fr\/eglise\/wp-content\/uploads\/2020\/08\/grilles-de-mots.png 711w\" sizes=\"(max-width: 210px) 100vw, 210px\" \/><\/p>\n<hr \/>\n<p><strong>Cantique : <em>\u00ab\u00a0J&rsquo;ai confiance en toi\u00a0\u00bb<\/em><\/strong><\/p>\n<div style=\"width: 525px;\" class=\"wp-video\"><video class=\"wp-video-shortcode\" id=\"video-1906-2\" width=\"525\" height=\"295\" preload=\"metadata\" controls=\"controls\"><source type=\"video\/mp4\" src=\"http:\/\/eglisethaborrennes.fr\/eglise\/wp-content\/uploads\/2020\/08\/Jeunesse-en-Mission-Jai-confiance-en-toi-1.mp4?_=2\" \/><a href=\"http:\/\/eglisethaborrennes.fr\/eglise\/wp-content\/uploads\/2020\/08\/Jeunesse-en-Mission-Jai-confiance-en-toi-1.mp4\">http:\/\/eglisethaborrennes.fr\/eglise\/wp-content\/uploads\/2020\/08\/Jeunesse-en-Mission-Jai-confiance-en-toi-1.mp4<\/a><\/video><\/div>\n","protected":false},"excerpt":{"rendered":"<p>Vid\u00e9o : \u00ab\u00a0La fille de Ja\u00efrus\u00a0\u00bb Coloriage T\u00e9l\u00e9chargez le fichier suivant : Coloriage Grille de mots T\u00e9l\u00e9chargez le fichier suivant : Cantique : \u00ab\u00a0J&rsquo;ai confiance en toi\u00a0\u00bb<\/p>\n","protected":false},"author":1,"featured_media":0,"comment_status":"open","ping_status":"open","sticky":false,"template":"","format":"standard","meta":{"_mi_skip_tracking":false},"categories":[11],"tags":[],"_links":{"self":[{"href":"http:\/\/eglisethaborrennes.fr\/eglise\/wp-json\/wp\/v2\/posts\/1906"}],"collection":[{"href":"http:\/\/eglisethaborrennes.fr\/eglise\/wp-json\/wp\/v2\/posts"}],"about":[{"href":"http:\/\/eglisethaborrennes.fr\/eglise\/wp-json\/wp\/v2\/types\/post"}],"author":[{"embeddable":true,"href":"http:\/\/eglisethaborrennes.fr\/eglise\/wp-json\/wp\/v2\/users\/1"}],"replies":[{"embeddable":true,"href":"http:\/\/eglisethaborrennes.fr\/eglise\/wp-json\/wp\/v2\/comments?post=1906"}],"version-history":[{"count":2,"href":"http:\/\/eglisethaborrennes.fr\/eglise\/wp-json\/wp\/v2\/posts\/1906\/revisions"}],"predecessor-version":[{"id":1913,"href":"http:\/\/eglisethaborrennes.fr\/eglise\/wp-json\/wp\/v2\/posts\/1906\/revisions\/1913"}],"wp:attachment":[{"href":"http:\/\/eglisethaborrennes.fr\/eglise\/wp-json\/wp\/v2\/media?parent=1906"}],"wp:term":[{"taxonomy":"category","embeddable":true,"href":"http:\/\/eglisethaborrennes.fr\/eglise\/wp-json\/wp\/v2\/categories?post=1906"},{"taxonomy":"post_tag","embeddable":true,"href":"http:\/\/eglisethaborrennes.fr\/eglise\/wp-json\/wp\/v2\/tags?post=1906"}],"curies":[{"name":"wp","href":"https:\/\/api.w.org\/{rel}","templated":true}]}}