{"id":1895,"date":"2020-07-28T12:39:52","date_gmt":"2020-07-28T10:39:52","guid":{"rendered":"http:\/\/eglisethaborrennes.fr\/eglise\/?p=1895"},"modified":"2020-12-13T16:13:58","modified_gmt":"2020-12-13T15:13:58","slug":"dimanche-26-juillet-2020aimer-pour-ressembler-a-dieu","status":"publish","type":"post","link":"http:\/\/eglisethaborrennes.fr\/eglise\/dimanche-26-juillet-2020aimer-pour-ressembler-a-dieu\/","title":{"rendered":"Dimanche 26 juillet 2020<br\/>Aimer pour ressembler \u00e0 Dieu"},"content":{"rendered":"<p><strong>Pasteur Jacky Leprat<\/strong><\/p>\n<div style=\"width: 525px;\" class=\"wp-video\"><!--[if lt IE 9]><script>document.createElement('video');<\/script><![endif]-->\n<video class=\"wp-video-shortcode\" id=\"video-1895-1\" width=\"525\" height=\"295\" preload=\"metadata\" controls=\"controls\"><source type=\"video\/mp4\" src=\"http:\/\/eglisethaborrennes.fr\/eglise\/videos\/2020-07-26-Aimer-pour-ressembler-a-Dieu.mp4?_=1\" \/><a href=\"http:\/\/eglisethaborrennes.fr\/eglise\/videos\/2020-07-26-Aimer-pour-ressembler-a-Dieu.mp4\">http:\/\/eglisethaborrennes.fr\/eglise\/videos\/2020-07-26-Aimer-pour-ressembler-a-Dieu.mp4<\/a><\/video><\/div>\n<hr \/>\n<p><strong>Vid\u00e9o pour les enfants : <em>\u00ab\u00a0J\u00e9sus calme la temp\u00eate\u00a0\u00bb<\/em><\/strong><\/p>\n<div style=\"width: 384px;\" class=\"wp-video\"><video class=\"wp-video-shortcode\" id=\"video-1895-2\" width=\"384\" height=\"288\" preload=\"metadata\" controls=\"controls\"><source type=\"video\/mp4\" src=\"http:\/\/eglisethaborrennes.fr\/eglise\/wp-content\/uploads\/2020\/07\/La-tempete-apaisee.mp4?_=2\" \/><a href=\"http:\/\/eglisethaborrennes.fr\/eglise\/wp-content\/uploads\/2020\/07\/La-tempete-apaisee.mp4\">http:\/\/eglisethaborrennes.fr\/eglise\/wp-content\/uploads\/2020\/07\/La-tempete-apaisee.mp4<\/a><\/video><\/div>\n<hr \/>\n<p><strong>Activit\u00e9 pour les enfants : <em>\u00ab\u00a0La temp\u00eate apais\u00e9e\u00a0\u00bb<\/em><\/strong><\/p>\n<p>Feuille d&rsquo;activit\u00e9s \u00e0 t\u00e9l\u00e9charger :<\/p>\n<p><a href=\"http:\/\/eglisethaborrennes.fr\/eglise\/wp-content\/uploads\/2020\/07\/Activit\u00e9-J\u00e9sus-calme-la-temp\u00eate.docx\">Activit\u00e9 J\u00e9sus calme la temp\u00eate<\/a><\/p>\n<hr \/>\n<p><strong>Cantique pour les enfants : <em>\u00ab\u00a0L\u2019espoir se dessine\u00a0\u00bb<\/em><\/strong><\/p>\n<div style=\"width: 525px;\" class=\"wp-video\"><video class=\"wp-video-shortcode\" id=\"video-1895-3\" width=\"525\" height=\"263\" preload=\"metadata\" controls=\"controls\"><source type=\"video\/mp4\" src=\"http:\/\/eglisethaborrennes.fr\/eglise\/wp-content\/uploads\/2020\/07\/Lespoir-se-dessine.mp4?_=3\" \/><a href=\"http:\/\/eglisethaborrennes.fr\/eglise\/wp-content\/uploads\/2020\/07\/Lespoir-se-dessine.mp4\">http:\/\/eglisethaborrennes.fr\/eglise\/wp-content\/uploads\/2020\/07\/Lespoir-se-dessine.mp4<\/a><\/video><\/div>\n","protected":false},"excerpt":{"rendered":"<p>Pasteur Jacky Leprat Vid\u00e9o pour les enfants : \u00ab\u00a0J\u00e9sus calme la temp\u00eate\u00a0\u00bb Activit\u00e9 pour les enfants : \u00ab\u00a0La temp\u00eate apais\u00e9e\u00a0\u00bb Feuille d&rsquo;activit\u00e9s \u00e0 t\u00e9l\u00e9charger : Activit\u00e9 J\u00e9sus calme la temp\u00eate Cantique pour les enfants : \u00ab\u00a0L\u2019espoir se dessine\u00a0\u00bb<\/p>\n","protected":false},"author":1,"featured_media":0,"comment_status":"open","ping_status":"open","sticky":false,"template":"","format":"standard","meta":{"_mi_skip_tracking":false},"categories":[9],"tags":[],"_links":{"self":[{"href":"http:\/\/eglisethaborrennes.fr\/eglise\/wp-json\/wp\/v2\/posts\/1895"}],"collection":[{"href":"http:\/\/eglisethaborrennes.fr\/eglise\/wp-json\/wp\/v2\/posts"}],"about":[{"href":"http:\/\/eglisethaborrennes.fr\/eglise\/wp-json\/wp\/v2\/types\/post"}],"author":[{"embeddable":true,"href":"http:\/\/eglisethaborrennes.fr\/eglise\/wp-json\/wp\/v2\/users\/1"}],"replies":[{"embeddable":true,"href":"http:\/\/eglisethaborrennes.fr\/eglise\/wp-json\/wp\/v2\/comments?post=1895"}],"version-history":[{"count":4,"href":"http:\/\/eglisethaborrennes.fr\/eglise\/wp-json\/wp\/v2\/posts\/1895\/revisions"}],"predecessor-version":[{"id":1903,"href":"http:\/\/eglisethaborrennes.fr\/eglise\/wp-json\/wp\/v2\/posts\/1895\/revisions\/1903"}],"wp:attachment":[{"href":"http:\/\/eglisethaborrennes.fr\/eglise\/wp-json\/wp\/v2\/media?parent=1895"}],"wp:term":[{"taxonomy":"category","embeddable":true,"href":"http:\/\/eglisethaborrennes.fr\/eglise\/wp-json\/wp\/v2\/categories?post=1895"},{"taxonomy":"post_tag","embeddable":true,"href":"http:\/\/eglisethaborrennes.fr\/eglise\/wp-json\/wp\/v2\/tags?post=1895"}],"curies":[{"name":"wp","href":"https:\/\/api.w.org\/{rel}","templated":true}]}}