{"id":1793,"date":"2020-06-05T22:52:16","date_gmt":"2020-06-05T20:52:16","guid":{"rendered":"http:\/\/eglisethaborrennes.fr\/eglise\/?page_id=1793"},"modified":"2020-12-13T16:12:16","modified_gmt":"2020-12-13T15:12:16","slug":"dimanche-07-juin-2020les-femmes-dans-levangile","status":"publish","type":"post","link":"http:\/\/eglisethaborrennes.fr\/eglise\/dimanche-07-juin-2020les-femmes-dans-levangile\/","title":{"rendered":"Dimanche 07 juin 2020<br\/>Les femmes dans l\u2019\u00c9vangile"},"content":{"rendered":"<p>L&rsquo;\u00c9vangile montre le r\u00f4le important des femmes dans l\u2019histoire du salut.<br \/>\nL\u2019ap\u00f4tre Paul r\u00e9sume cette histoire en quelques mots\u00a0:<\/p>\n<p>\u00ab\u00a0<em>Dieu a envoy\u00e9 son Fils, n\u00e9 d\u2019une femme \u2026\u00a0\u00bb (Galates 4.4)<\/em><\/p>\n<p><strong>De Sara \u00e0 Marie les femmes participent \u00e0 la naissance du peuple de Dieu.<\/strong><\/p>\n<p>J\u00e9sus met la femme sur un pied d\u2019\u00e9galit\u00e9 avec l\u2019homme.<\/p>\n<p>Souvent invisibles et anonymes, elles sont signes de la soumission et de l\u2019humilit\u00e9 du Christ. C\u2019est le fondement de la foi chr\u00e9tienne.<\/p>\n<p><strong>Ces femmes de foi ont agi en servantes du Seigneur.<\/strong><\/p>\n<p><strong>Pasteur Jacky Leprat<\/strong><\/p>\n<hr \/>\n<p><strong>M\u00e9ditation : <em>\u00ab\u00a0Les femmes dans l\u2019\u00c9vangile\u00a0\u00bb<\/em><\/strong><\/p>\n<div style=\"width: 525px;\" class=\"wp-video\"><!--[if lt IE 9]><script>document.createElement('video');<\/script><![endif]-->\n<video class=\"wp-video-shortcode\" id=\"video-1793-1\" width=\"525\" height=\"295\" preload=\"metadata\" controls=\"controls\"><source type=\"video\/mp4\" src=\"http:\/\/eglisethaborrennes.fr\/eglise\/wp-content\/uploads\/2020\/06\/2020-06-07-Les-femmes-dans-l-Evangile.mp4?_=1\" \/><a href=\"http:\/\/eglisethaborrennes.fr\/eglise\/wp-content\/uploads\/2020\/06\/2020-06-07-Les-femmes-dans-l-Evangile.mp4\">http:\/\/eglisethaborrennes.fr\/eglise\/wp-content\/uploads\/2020\/06\/2020-06-07-Les-femmes-dans-l-Evangile.mp4<\/a><\/video><\/div>\n<hr \/>\n<p><strong>Cantique : <em>\u00ab\u00a0Mon Dieu, tu es grand, tu es beau\u00a0\u00bb<\/em><\/strong><\/p>\n<div style=\"width: 525px;\" class=\"wp-video\"><video class=\"wp-video-shortcode\" id=\"video-1793-2\" width=\"525\" height=\"394\" preload=\"metadata\" controls=\"controls\"><source type=\"video\/mp4\" src=\"http:\/\/eglisethaborrennes.fr\/eglise\/wp-content\/uploads\/2020\/06\/Mon-Dieu-tu-es-grand-tu-es-beau.mp4?_=2\" \/><a href=\"http:\/\/eglisethaborrennes.fr\/eglise\/wp-content\/uploads\/2020\/06\/Mon-Dieu-tu-es-grand-tu-es-beau.mp4\">http:\/\/eglisethaborrennes.fr\/eglise\/wp-content\/uploads\/2020\/06\/Mon-Dieu-tu-es-grand-tu-es-beau.mp4<\/a><\/video><\/div>\n<hr \/>\n<p><strong>Chant pour les mamans : <em>\u00ab\u00a0Bonne f\u00eate petite Maman\u00a0\u00bb<\/em><\/strong><\/p>\n<div style=\"width: 525px;\" class=\"wp-video\"><video class=\"wp-video-shortcode\" id=\"video-1793-3\" width=\"525\" height=\"295\" preload=\"metadata\" controls=\"controls\"><source type=\"video\/mp4\" src=\"http:\/\/eglisethaborrennes.fr\/eglise\/wp-content\/uploads\/2020\/06\/Bonne-f\u00eate-petite-maman-en-chanson.mp4?_=3\" \/><a href=\"http:\/\/eglisethaborrennes.fr\/eglise\/wp-content\/uploads\/2020\/06\/Bonne-f\u00eate-petite-maman-en-chanson.mp4\">http:\/\/eglisethaborrennes.fr\/eglise\/wp-content\/uploads\/2020\/06\/Bonne-f\u00eate-petite-maman-en-chanson.mp4<\/a><\/video><\/div>\n<hr \/>\n<p><strong>Vid\u00e9o pour les enfants :<span>\u00a0<\/span><em>\u201cPaul un aventurier de la foi (Partie 2)\u201d<\/em><\/strong><\/p>\n<div style=\"width: 525px;\" class=\"wp-video\"><video class=\"wp-video-shortcode\" id=\"video-1793-4\" width=\"525\" height=\"394\" preload=\"metadata\" controls=\"controls\"><source type=\"video\/mp4\" src=\"http:\/\/eglisethaborrennes.fr\/eglise\/wp-content\/uploads\/2020\/06\/Paul-un-aventurier-de-la-foi-02-3.mp4?_=4\" \/><a href=\"http:\/\/eglisethaborrennes.fr\/eglise\/wp-content\/uploads\/2020\/06\/Paul-un-aventurier-de-la-foi-02-3.mp4\">http:\/\/eglisethaborrennes.fr\/eglise\/wp-content\/uploads\/2020\/06\/Paul-un-aventurier-de-la-foi-02-3.mp4<\/a><\/video><\/div>\n<hr \/>\n<p><strong>Activit\u00e9 pour les enfants : <em>\u00ab\u00a0La vie de Paul\u00a0\u00bb<\/em><\/strong><\/p>\n<p>Merci de t\u00e9l\u00e9charger le fichier suivant pour l&rsquo;activit\u00e9 sur la vie de Paul :<\/p>\n<p><a href=\"http:\/\/eglisethaborrennes.fr\/eglise\/wp-content\/uploads\/2020\/06\/Activit\u00e9s_Vie_de_Paul.doc\">Activit\u00e9s_Vie_de_Paul<\/a><\/p>\n","protected":false},"excerpt":{"rendered":"<p>L&rsquo;\u00c9vangile montre le r\u00f4le important des femmes dans l\u2019histoire du salut. L\u2019ap\u00f4tre Paul r\u00e9sume cette histoire en quelques mots\u00a0: \u00ab\u00a0Dieu a envoy\u00e9 son Fils, n\u00e9 d\u2019une femme \u2026\u00a0\u00bb (Galates 4.4) De Sara \u00e0 Marie les femmes participent \u00e0 la naissance du peuple de Dieu. J\u00e9sus met la femme sur un pied d\u2019\u00e9galit\u00e9 avec l\u2019homme. Souvent &hellip; <\/p>\n<p class=\"link-more\"><a href=\"http:\/\/eglisethaborrennes.fr\/eglise\/dimanche-07-juin-2020les-femmes-dans-levangile\/\" class=\"more-link\">Continuer la lecture<span class=\"screen-reader-text\"> de &laquo;&nbsp;Dimanche 07 juin 2020<br \/>Les femmes dans l\u2019\u00c9vangile&nbsp;&raquo;<\/span><\/a><\/p>\n","protected":false},"author":1,"featured_media":0,"comment_status":"closed","ping_status":"closed","sticky":false,"template":"","format":"standard","meta":{"_mi_skip_tracking":false},"categories":[1],"tags":[],"_links":{"self":[{"href":"http:\/\/eglisethaborrennes.fr\/eglise\/wp-json\/wp\/v2\/posts\/1793"}],"collection":[{"href":"http:\/\/eglisethaborrennes.fr\/eglise\/wp-json\/wp\/v2\/posts"}],"about":[{"href":"http:\/\/eglisethaborrennes.fr\/eglise\/wp-json\/wp\/v2\/types\/post"}],"author":[{"embeddable":true,"href":"http:\/\/eglisethaborrennes.fr\/eglise\/wp-json\/wp\/v2\/users\/1"}],"replies":[{"embeddable":true,"href":"http:\/\/eglisethaborrennes.fr\/eglise\/wp-json\/wp\/v2\/comments?post=1793"}],"version-history":[{"count":6,"href":"http:\/\/eglisethaborrennes.fr\/eglise\/wp-json\/wp\/v2\/posts\/1793\/revisions"}],"predecessor-version":[{"id":1805,"href":"http:\/\/eglisethaborrennes.fr\/eglise\/wp-json\/wp\/v2\/posts\/1793\/revisions\/1805"}],"wp:attachment":[{"href":"http:\/\/eglisethaborrennes.fr\/eglise\/wp-json\/wp\/v2\/media?parent=1793"}],"wp:term":[{"taxonomy":"category","embeddable":true,"href":"http:\/\/eglisethaborrennes.fr\/eglise\/wp-json\/wp\/v2\/categories?post=1793"},{"taxonomy":"post_tag","embeddable":true,"href":"http:\/\/eglisethaborrennes.fr\/eglise\/wp-json\/wp\/v2\/tags?post=1793"}],"curies":[{"name":"wp","href":"https:\/\/api.w.org\/{rel}","templated":true}]}}