{"id":1779,"date":"2020-05-29T22:23:56","date_gmt":"2020-05-29T20:23:56","guid":{"rendered":"http:\/\/eglisethaborrennes.fr\/eglise\/?page_id=1779"},"modified":"2020-12-13T16:29:33","modified_gmt":"2020-12-13T15:29:33","slug":"2020-05-31-dieu-parle-notre-langue","status":"publish","type":"post","link":"http:\/\/eglisethaborrennes.fr\/eglise\/2020-05-31-dieu-parle-notre-langue\/","title":{"rendered":"Dimanche 31 mai 2020<br\/>Dieu parle notre langue"},"content":{"rendered":"<h4><strong>M\u00e9ditation pour le culte de Pentec\u00f4te<\/strong><\/h4>\n<p>\u00c9trange ouverture du temps de l\u2019Eglise \u00e0 la Pentec\u00f4te. Le Saint-Esprit \u00e9difie-t-il l\u2019assembl\u00e9e du Seigneur avec des <strong><em>\u00ab\u00a0langues qui semblaient de feu\u00a0\u00bb<\/em> <\/strong>avec le<strong> <em>\u00ab\u00a0bruit d\u2019un souffle violent\u00a0\u00bb<\/em><\/strong> comme dans la Chambre Haute des disciples\u00a0? Oui sans doute si nous \u00e9coutons bien le t\u00e9moignage du Saint-Esprit en nous et si nous demandons au Seigneur le langage des disciples pour soutenir par la parole celui qui est fatigu\u00e9 (Esaie 50.4). La Pentec\u00f4te est la construction de l\u2019Eglise par l\u2019Esprit du Seigneur et avec nos paroles.<\/p>\n<p><strong>Pasteur Jacky Leprat<\/strong><\/p>\n<hr \/>\n<p><strong>M\u00e9diation : <em>\u00ab\u00a0Dieu parle notre langue\u00a0\u00bb<\/em><\/strong><\/p>\n<div style=\"width: 525px;\" class=\"wp-video\"><!--[if lt IE 9]><script>document.createElement('video');<\/script><![endif]-->\n<video class=\"wp-video-shortcode\" id=\"video-1779-1\" width=\"525\" height=\"295\" preload=\"metadata\" controls=\"controls\"><source type=\"video\/mp4\" src=\"http:\/\/eglisethaborrennes.fr\/eglise\/wp-content\/uploads\/2020\/05\/2020-05-31-Dieu-parle-notre-langue.mp4?_=1\" \/><a href=\"http:\/\/eglisethaborrennes.fr\/eglise\/wp-content\/uploads\/2020\/05\/2020-05-31-Dieu-parle-notre-langue.mp4\">http:\/\/eglisethaborrennes.fr\/eglise\/wp-content\/uploads\/2020\/05\/2020-05-31-Dieu-parle-notre-langue.mp4<\/a><\/video><\/div>\n<hr \/>\n<p><strong>Cantique : <em>\u00ab\u00a0Souffle impr\u00e9visible\u00a0\u00bb<\/em><\/strong><\/p>\n<div style=\"width: 525px;\" class=\"wp-video\"><video class=\"wp-video-shortcode\" id=\"video-1779-2\" width=\"525\" height=\"295\" preload=\"metadata\" controls=\"controls\"><source type=\"video\/mp4\" src=\"http:\/\/eglisethaborrennes.fr\/eglise\/wp-content\/uploads\/2020\/05\/Souffle-impr\u00e9visible.mp4?_=2\" \/><a href=\"http:\/\/eglisethaborrennes.fr\/eglise\/wp-content\/uploads\/2020\/05\/Souffle-impr\u00e9visible.mp4\">http:\/\/eglisethaborrennes.fr\/eglise\/wp-content\/uploads\/2020\/05\/Souffle-impr\u00e9visible.mp4<\/a><\/video><\/div>\n<hr \/>\n<p><strong>Vid\u00e9o pour les enfants : <em>\u00ab\u00a0Paul un aventurier de la foi (Partie 1)\u00a0\u00bb<\/em><\/strong><\/p>\n<div style=\"width: 525px;\" class=\"wp-video\"><video class=\"wp-video-shortcode\" id=\"video-1779-3\" width=\"525\" height=\"394\" preload=\"metadata\" controls=\"controls\"><source type=\"video\/mp4\" src=\"http:\/\/eglisethaborrennes.fr\/eglise\/wp-content\/uploads\/2020\/05\/Paul-un-aventurier-de-la-foi-01.mp4?_=3\" \/><a href=\"http:\/\/eglisethaborrennes.fr\/eglise\/wp-content\/uploads\/2020\/05\/Paul-un-aventurier-de-la-foi-01.mp4\">http:\/\/eglisethaborrennes.fr\/eglise\/wp-content\/uploads\/2020\/05\/Paul-un-aventurier-de-la-foi-01.mp4<\/a><\/video><\/div>\n<hr \/>\n<p><strong>Cantique pour les enfants : <em>\u00ab\u00a0Enfants de la Terre\u00a0\u00ab\u00a0<\/em><\/strong><\/p>\n<div style=\"width: 525px;\" class=\"wp-video\"><video class=\"wp-video-shortcode\" id=\"video-1779-4\" width=\"525\" height=\"295\" preload=\"metadata\" controls=\"controls\"><source type=\"video\/mp4\" src=\"http:\/\/eglisethaborrennes.fr\/eglise\/wp-content\/uploads\/2020\/05\/Enfants-de-la-Terre.mp4?_=4\" \/><a href=\"http:\/\/eglisethaborrennes.fr\/eglise\/wp-content\/uploads\/2020\/05\/Enfants-de-la-Terre.mp4\">http:\/\/eglisethaborrennes.fr\/eglise\/wp-content\/uploads\/2020\/05\/Enfants-de-la-Terre.mp4<\/a><\/video><\/div>\n","protected":false},"excerpt":{"rendered":"<p>M\u00e9ditation pour le culte de Pentec\u00f4te \u00c9trange ouverture du temps de l\u2019Eglise \u00e0 la Pentec\u00f4te. Le Saint-Esprit \u00e9difie-t-il l\u2019assembl\u00e9e du Seigneur avec des \u00ab\u00a0langues qui semblaient de feu\u00a0\u00bb avec le \u00ab\u00a0bruit d\u2019un souffle violent\u00a0\u00bb comme dans la Chambre Haute des disciples\u00a0? Oui sans doute si nous \u00e9coutons bien le t\u00e9moignage du Saint-Esprit en nous et &hellip; <\/p>\n<p class=\"link-more\"><a href=\"http:\/\/eglisethaborrennes.fr\/eglise\/2020-05-31-dieu-parle-notre-langue\/\" class=\"more-link\">Continuer la lecture<span class=\"screen-reader-text\"> de &laquo;&nbsp;Dimanche 31 mai 2020<br \/>Dieu parle notre langue&nbsp;&raquo;<\/span><\/a><\/p>\n","protected":false},"author":1,"featured_media":0,"comment_status":"closed","ping_status":"closed","sticky":false,"template":"","format":"standard","meta":{"_mi_skip_tracking":false},"categories":[9],"tags":[],"_links":{"self":[{"href":"http:\/\/eglisethaborrennes.fr\/eglise\/wp-json\/wp\/v2\/posts\/1779"}],"collection":[{"href":"http:\/\/eglisethaborrennes.fr\/eglise\/wp-json\/wp\/v2\/posts"}],"about":[{"href":"http:\/\/eglisethaborrennes.fr\/eglise\/wp-json\/wp\/v2\/types\/post"}],"author":[{"embeddable":true,"href":"http:\/\/eglisethaborrennes.fr\/eglise\/wp-json\/wp\/v2\/users\/1"}],"replies":[{"embeddable":true,"href":"http:\/\/eglisethaborrennes.fr\/eglise\/wp-json\/wp\/v2\/comments?post=1779"}],"version-history":[{"count":5,"href":"http:\/\/eglisethaborrennes.fr\/eglise\/wp-json\/wp\/v2\/posts\/1779\/revisions"}],"predecessor-version":[{"id":1789,"href":"http:\/\/eglisethaborrennes.fr\/eglise\/wp-json\/wp\/v2\/posts\/1779\/revisions\/1789"}],"wp:attachment":[{"href":"http:\/\/eglisethaborrennes.fr\/eglise\/wp-json\/wp\/v2\/media?parent=1779"}],"wp:term":[{"taxonomy":"category","embeddable":true,"href":"http:\/\/eglisethaborrennes.fr\/eglise\/wp-json\/wp\/v2\/categories?post=1779"},{"taxonomy":"post_tag","embeddable":true,"href":"http:\/\/eglisethaborrennes.fr\/eglise\/wp-json\/wp\/v2\/tags?post=1779"}],"curies":[{"name":"wp","href":"https:\/\/api.w.org\/{rel}","templated":true}]}}