{"id":1757,"date":"2020-05-24T11:17:02","date_gmt":"2020-05-24T09:17:02","guid":{"rendered":"http:\/\/eglisethaborrennes.fr\/eglise\/?page_id=1757"},"modified":"2020-12-13T16:29:21","modified_gmt":"2020-12-13T15:29:21","slug":"2020-05-24-lascension-du-christ","status":"publish","type":"post","link":"http:\/\/eglisethaborrennes.fr\/eglise\/2020-05-24-lascension-du-christ\/","title":{"rendered":"Dimanche 24 mai 2020<br\/>L\u2019Ascension du Christ"},"content":{"rendered":"<p>L\u2019Ascension du Christ est un \u00e9v\u00e9nement majeur de l\u2019histoire de notre vie avec Dieu.<\/p>\n<p><strong>L\u2019Ascension est le commencement de sa pr\u00e9sence cach\u00e9e en nous<\/strong> qui l\u2019aimons sans l\u2019avoir vu.<br \/>\nL\u2019Ascension apprend une nouvelle chose aux ap\u00f4tres\u00a0: il sera pr\u00e9sent et absent. \u00ab\u00a0Je pars et je suis avec vous tous les jours.\u00a0\u00bb<\/p>\n<p>Dans l\u2019Ascension, J\u00e9sus montre o\u00f9 m\u00e8ne le chemin de la foi que nous suivons, il montre que les portes du ciel sont grandes ouvertes.<\/p>\n<p>Ce temps apr\u00e8s l\u2019Ascension, c\u2019est le temps de l\u2019appel du Christ <strong>pour nous faire passer jour apr\u00e8s jour de la terre au ciel.<\/strong><\/p>\n<p style=\"text-align: right;\"><strong>Pasteur Jacky Leprat<\/strong><\/p>\n<hr \/>\n<p><strong>M\u00e9ditation : <em>\u00ab\u00a0L&rsquo;ascension du Christ\u00a0\u00bb<\/em><\/strong><\/p>\n<div style=\"width: 525px;\" class=\"wp-video\"><!--[if lt IE 9]><script>document.createElement('video');<\/script><![endif]-->\n<video class=\"wp-video-shortcode\" id=\"video-1757-1\" width=\"525\" height=\"295\" preload=\"metadata\" controls=\"controls\"><source type=\"video\/mp4\" src=\"http:\/\/eglisethaborrennes.fr\/eglise\/wp-content\/uploads\/2020\/05\/2020-05-24-L-ascension-du-Christ.mp4?_=1\" \/><a href=\"http:\/\/eglisethaborrennes.fr\/eglise\/wp-content\/uploads\/2020\/05\/2020-05-24-L-ascension-du-Christ.mp4\">http:\/\/eglisethaborrennes.fr\/eglise\/wp-content\/uploads\/2020\/05\/2020-05-24-L-ascension-du-Christ.mp4<\/a><\/video><\/div>\n<hr \/>\n<p><strong>Cantique :<em> \u00ab\u00a0A l&rsquo;agneau de Dieu soit la gloire\u00a0\u00bb<\/em><\/strong><\/p>\n<div style=\"width: 525px;\" class=\"wp-video\"><video class=\"wp-video-shortcode\" id=\"video-1757-2\" width=\"525\" height=\"394\" preload=\"metadata\" controls=\"controls\"><source type=\"video\/mp4\" src=\"http:\/\/eglisethaborrennes.fr\/eglise\/wp-content\/uploads\/2020\/05\/A-lagneau-de-Dieu-soit-la-gloire-480p_25fps_H264-128kbit_AAC.mp4?_=2\" \/><a href=\"http:\/\/eglisethaborrennes.fr\/eglise\/wp-content\/uploads\/2020\/05\/A-lagneau-de-Dieu-soit-la-gloire-480p_25fps_H264-128kbit_AAC.mp4\">http:\/\/eglisethaborrennes.fr\/eglise\/wp-content\/uploads\/2020\/05\/A-lagneau-de-Dieu-soit-la-gloire-480p_25fps_H264-128kbit_AAC.mp4<\/a><\/video><\/div>\n<hr \/>\n<p><strong>Activit\u00e9 pour les enfants : <em>\u00ab\u00a0Le fruit de l&rsquo;Esprit\u00a0\u00bb<\/em><\/strong><\/p>\n<p>Un fruit est le produit d\u2019un arbre qui provient d\u2019une graine plant\u00e9e dans une bonne terre, puis l\u2019arbre fleurit et donne des fruits.<br \/>\nL\u2019arbre a besoin d\u2019eau pour grandir et porter du fruit comme il le faut, il faut donc l\u2019arroser.<br \/>\nL\u2019Esprit Saint est comme l\u2019eau qui arrose la terre. L\u2019Esprit de Dieu est dans notre c\u0153ur, et il produit les diff\u00e9rentes qualit\u00e9s du Christ<\/p>\n<p>Activit\u00e9 \u00e0 t\u00e9l\u00e9charger :\u00a0<a href=\"http:\/\/eglisethaborrennes.fr\/eglise\/wp-content\/uploads\/2020\/05\/Dimanche-24-mai-2020-Le-fruit-de-lEsprit.doc\">Dimanche 24 mai 2020 &#8211; Le fruit de l&rsquo;Esprit<\/a><\/p>\n<hr \/>\n<p><strong>Conte pour les enfants : <em>\u00ab\u00a0Le grain de bl\u00e9\u00a0\u00bb<\/em><\/strong><\/p>\n<div style=\"width: 525px;\" class=\"wp-video\"><video class=\"wp-video-shortcode\" id=\"video-1757-3\" width=\"525\" height=\"295\" preload=\"metadata\" controls=\"controls\"><source type=\"video\/mp4\" src=\"http:\/\/eglisethaborrennes.fr\/eglise\/wp-content\/uploads\/2020\/05\/2020-05-24-Le-grain-de-ble.mp4?_=3\" \/><a href=\"http:\/\/eglisethaborrennes.fr\/eglise\/wp-content\/uploads\/2020\/05\/2020-05-24-Le-grain-de-ble.mp4\">http:\/\/eglisethaborrennes.fr\/eglise\/wp-content\/uploads\/2020\/05\/2020-05-24-Le-grain-de-ble.mp4<\/a><\/video><\/div>\n<hr \/>\n<p><strong>Cantique pour les enfants : <em>\u00ab\u00a0Le fruit de l\u2019Esprit\u00a0\u00bb<\/em><\/strong><\/p>\n<div style=\"width: 525px;\" class=\"wp-video\"><video class=\"wp-video-shortcode\" id=\"video-1757-4\" width=\"525\" height=\"295\" preload=\"metadata\" controls=\"controls\"><source type=\"video\/mp4\" src=\"http:\/\/eglisethaborrennes.fr\/eglise\/wp-content\/uploads\/2020\/05\/Le-fruit-de-lesprit-chant-pour-enfants-1080p_25fps_H264-128kbit_AAC.mp4?_=4\" \/><a href=\"http:\/\/eglisethaborrennes.fr\/eglise\/wp-content\/uploads\/2020\/05\/Le-fruit-de-lesprit-chant-pour-enfants-1080p_25fps_H264-128kbit_AAC.mp4\">http:\/\/eglisethaborrennes.fr\/eglise\/wp-content\/uploads\/2020\/05\/Le-fruit-de-lesprit-chant-pour-enfants-1080p_25fps_H264-128kbit_AAC.mp4<\/a><\/video><\/div>\n","protected":false},"excerpt":{"rendered":"<p>L\u2019Ascension du Christ est un \u00e9v\u00e9nement majeur de l\u2019histoire de notre vie avec Dieu. L\u2019Ascension est le commencement de sa pr\u00e9sence cach\u00e9e en nous qui l\u2019aimons sans l\u2019avoir vu. L\u2019Ascension apprend une nouvelle chose aux ap\u00f4tres\u00a0: il sera pr\u00e9sent et absent. \u00ab\u00a0Je pars et je suis avec vous tous les jours.\u00a0\u00bb Dans l\u2019Ascension, J\u00e9sus montre &hellip; <\/p>\n<p class=\"link-more\"><a href=\"http:\/\/eglisethaborrennes.fr\/eglise\/2020-05-24-lascension-du-christ\/\" class=\"more-link\">Continuer la lecture<span class=\"screen-reader-text\"> de &laquo;&nbsp;Dimanche 24 mai 2020<br \/>L\u2019Ascension du Christ&nbsp;&raquo;<\/span><\/a><\/p>\n","protected":false},"author":1,"featured_media":0,"comment_status":"closed","ping_status":"closed","sticky":false,"template":"","format":"standard","meta":{"_mi_skip_tracking":false},"categories":[9,5],"tags":[],"_links":{"self":[{"href":"http:\/\/eglisethaborrennes.fr\/eglise\/wp-json\/wp\/v2\/posts\/1757"}],"collection":[{"href":"http:\/\/eglisethaborrennes.fr\/eglise\/wp-json\/wp\/v2\/posts"}],"about":[{"href":"http:\/\/eglisethaborrennes.fr\/eglise\/wp-json\/wp\/v2\/types\/post"}],"author":[{"embeddable":true,"href":"http:\/\/eglisethaborrennes.fr\/eglise\/wp-json\/wp\/v2\/users\/1"}],"replies":[{"embeddable":true,"href":"http:\/\/eglisethaborrennes.fr\/eglise\/wp-json\/wp\/v2\/comments?post=1757"}],"version-history":[{"count":10,"href":"http:\/\/eglisethaborrennes.fr\/eglise\/wp-json\/wp\/v2\/posts\/1757\/revisions"}],"predecessor-version":[{"id":1776,"href":"http:\/\/eglisethaborrennes.fr\/eglise\/wp-json\/wp\/v2\/posts\/1757\/revisions\/1776"}],"wp:attachment":[{"href":"http:\/\/eglisethaborrennes.fr\/eglise\/wp-json\/wp\/v2\/media?parent=1757"}],"wp:term":[{"taxonomy":"category","embeddable":true,"href":"http:\/\/eglisethaborrennes.fr\/eglise\/wp-json\/wp\/v2\/categories?post=1757"},{"taxonomy":"post_tag","embeddable":true,"href":"http:\/\/eglisethaborrennes.fr\/eglise\/wp-json\/wp\/v2\/tags?post=1757"}],"curies":[{"name":"wp","href":"https:\/\/api.w.org\/{rel}","templated":true}]}}