{"id":1688,"date":"2020-04-25T21:54:24","date_gmt":"2020-04-25T19:54:24","guid":{"rendered":"http:\/\/eglisethaborrennes.fr\/eglise\/?page_id=1688"},"modified":"2020-12-13T16:05:58","modified_gmt":"2020-12-13T15:05:58","slug":"dimanche-26-avril-2020-reflexions-chretiennes-sur-lepidemie","status":"publish","type":"post","link":"http:\/\/eglisethaborrennes.fr\/eglise\/dimanche-26-avril-2020-reflexions-chretiennes-sur-lepidemie\/","title":{"rendered":"Dimanche 26 avril 2020<br\/>R\u00e9flexions chr\u00e9tiennes sur l\u2019\u00e9pid\u00e9mie"},"content":{"rendered":"<p>Chers fr\u00e8res et s\u0153urs,<\/p>\n<p><strong>Nous posons des questions sur cette \u00e9pid\u00e9mie<\/strong> qui a surpris le monde et qui nous fait entrer dans les temps difficiles annonc\u00e9s par J\u00e9sus et les ap\u00f4tres.<\/p>\n<p><strong>Est-ce un jugement de Dieu\u00a0? <\/strong><\/p>\n<p>L\u2019Eglise a le devoir d\u2019observer les signes des temps (avec prudence\u00a0!)<\/p>\n<p>J\u00e9sus reprochait aux gens de son \u00e9poque\u00a0: vous connaissez la m\u00e9t\u00e9o en regardant les couleurs du ciel. Si le ciel est rouge, vous savez qu\u2019il fera beau temps, et vous ne savez pas reconna\u00eetre les signes que Dieu vous envoie.<\/p>\n<p>J\u00e9sus a dit\u00a0aussi : <strong><em>\u00ab\u00a0Ce n\u2019est pas \u00e0 vous de conna\u00eetre les temps ou les moments que le P\u00e8re a fix\u00e9s de sa propre autorit\u00e9\u00a0\u00bb <\/em><\/strong>(Actes 1.7)<\/p>\n<p>Mais devant l\u2019ampleur mondiale du Covid-19 et de ses cons\u00e9quences \u00e9conomiques et sociales, nous nous posons des questions.<\/p>\n<p><strong>En quoi ce temps nous fait-il signe\u00a0? <\/strong><\/p>\n<p><strong>Quelle le\u00e7on l\u2019Eglise re\u00e7oit-elle de son Ma\u00eetre J\u00e9sus-Christ\u00a0?<\/strong><\/p>\n<p>C\u2019est le sujet de cette m\u00e9ditation.<\/p>\n<p><strong>Pasteur Jacky Leprat.<\/strong><\/p>\n<hr \/>\n<p><strong>M\u00e9ditation : <em>\u00ab\u00a0R\u00e9flexions chr\u00e9tiennes sur l\u2019\u00e9pid\u00e9mie\u00a0\u00bb<\/em><\/strong><\/p>\n<div style=\"width: 525px;\" class=\"wp-video\"><!--[if lt IE 9]><script>document.createElement('video');<\/script><![endif]-->\n<video class=\"wp-video-shortcode\" id=\"video-1688-1\" width=\"525\" height=\"295\" preload=\"metadata\" controls=\"controls\"><source type=\"video\/mp4\" src=\"http:\/\/eglisethaborrennes.fr\/eglise\/wp-content\/uploads\/2020\/04\/2020-04-26-Reflexions-chretiennes-sur-l-epidemie.mp4?_=1\" \/><a href=\"http:\/\/eglisethaborrennes.fr\/eglise\/wp-content\/uploads\/2020\/04\/2020-04-26-Reflexions-chretiennes-sur-l-epidemie.mp4\">http:\/\/eglisethaborrennes.fr\/eglise\/wp-content\/uploads\/2020\/04\/2020-04-26-Reflexions-chretiennes-sur-l-epidemie.mp4<\/a><\/video><\/div>\n<hr \/>\n<p><strong>Cantique : <em>\u00ab\u00a0J&rsquo;ai soif de Ta pr\u00e9sence\u00a0\u00bb<\/em><\/strong><\/p>\n<!--[if lt IE 9]><script>document.createElement('audio');<\/script><![endif]-->\n<audio class=\"wp-audio-shortcode\" id=\"audio-1688-1\" preload=\"none\" style=\"width: 100%;\" controls=\"controls\"><source type=\"audio\/mpeg\" src=\"http:\/\/eglisethaborrennes.fr\/eglise\/wp-content\/uploads\/2020\/04\/Jai-soif-de-ta-pre\u0301sence-divin-chef-de-ma-Foi-JEM-Cantique-avec-paroles.mp3?_=1\" \/><a href=\"http:\/\/eglisethaborrennes.fr\/eglise\/wp-content\/uploads\/2020\/04\/Jai-soif-de-ta-pre\u0301sence-divin-chef-de-ma-Foi-JEM-Cantique-avec-paroles.mp3\">http:\/\/eglisethaborrennes.fr\/eglise\/wp-content\/uploads\/2020\/04\/Jai-soif-de-ta-pre\u0301sence-divin-chef-de-ma-Foi-JEM-Cantique-avec-paroles.mp3<\/a><\/audio>\n<hr \/>\n<p><strong>Conte : <em>\u00ab\u00a0La m\u00e9sange et le canari\u00a0\u00bb<\/em><\/strong><\/p>\n<div style=\"width: 525px;\" class=\"wp-video\"><video class=\"wp-video-shortcode\" id=\"video-1688-2\" width=\"525\" height=\"295\" preload=\"metadata\" controls=\"controls\"><source type=\"video\/mp4\" src=\"http:\/\/eglisethaborrennes.fr\/eglise\/wp-content\/uploads\/2020\/04\/2020-04-26-Conte-La-mesange-et-le-canari.mp4?_=2\" \/><a href=\"http:\/\/eglisethaborrennes.fr\/eglise\/wp-content\/uploads\/2020\/04\/2020-04-26-Conte-La-mesange-et-le-canari.mp4\">http:\/\/eglisethaborrennes.fr\/eglise\/wp-content\/uploads\/2020\/04\/2020-04-26-Conte-La-mesange-et-le-canari.mp4<\/a><\/video><\/div>\n<hr \/>\n<p><strong>Activit\u00e9 pour les enfants : <em>\u00ab\u00a0La m\u00e9sange et le canari\u00a0\u00bb<\/em><\/strong><\/p>\n<p>Dessine avec moi la petite m\u00e9sange, et amuse-toi \u00e0 lui donner de belles couleurs, ainsi tu pourras mettre ce dessin dans ta chambre et tu te rappelleras son histoire.<\/p>\n<p>T\u00e9l\u00e9charez l&rsquo;activit\u00e9 ici :\u00a0<a href=\"http:\/\/eglisethaborrennes.fr\/eglise\/wp-content\/uploads\/2020\/04\/Activit\u00e9-1.png\">http:\/\/eglisethaborrennes.fr\/eglise\/wp-content\/uploads\/2020\/04\/Activit\u00e9-1.png<\/a><\/p>\n<p>Toi tu as la main secourable de J\u00e9sus, et il te dit:<\/p>\n<p><strong>\u00ab\u00a0Je suis avec toi tous les jours et personne ne pourras t&rsquo;arracher de ma main\u00a0\u00bb. <\/strong><\/p>\n<p>(Evangile de Jean)<\/p>\n<hr \/>\n<p><strong>Cantique : <em>\u00ab\u00a0Regardez les oiseaux du ciel\u00a0\u00bb<\/em><\/strong><\/p>\n<div style=\"width: 525px;\" class=\"wp-video\"><video class=\"wp-video-shortcode\" id=\"video-1688-3\" width=\"525\" height=\"295\" preload=\"metadata\" controls=\"controls\"><source type=\"video\/mp4\" src=\"http:\/\/eglisethaborrennes.fr\/eglise\/wp-content\/uploads\/2020\/04\/Regardez-les-oiseaux-du-ciel-1.mp4?_=3\" \/><a href=\"http:\/\/eglisethaborrennes.fr\/eglise\/wp-content\/uploads\/2020\/04\/Regardez-les-oiseaux-du-ciel-1.mp4\">http:\/\/eglisethaborrennes.fr\/eglise\/wp-content\/uploads\/2020\/04\/Regardez-les-oiseaux-du-ciel-1.mp4<\/a><\/video><\/div>\n","protected":false},"excerpt":{"rendered":"<p>Chers fr\u00e8res et s\u0153urs, Nous posons des questions sur cette \u00e9pid\u00e9mie qui a surpris le monde et qui nous fait entrer dans les temps difficiles annonc\u00e9s par J\u00e9sus et les ap\u00f4tres. Est-ce un jugement de Dieu\u00a0? L\u2019Eglise a le devoir d\u2019observer les signes des temps (avec prudence\u00a0!) J\u00e9sus reprochait aux gens de son \u00e9poque\u00a0: vous &hellip; <\/p>\n<p class=\"link-more\"><a href=\"http:\/\/eglisethaborrennes.fr\/eglise\/dimanche-26-avril-2020-reflexions-chretiennes-sur-lepidemie\/\" class=\"more-link\">Continuer la lecture<span class=\"screen-reader-text\"> de &laquo;&nbsp;Dimanche 26 avril 2020<br \/>R\u00e9flexions chr\u00e9tiennes sur l\u2019\u00e9pid\u00e9mie&nbsp;&raquo;<\/span><\/a><\/p>\n","protected":false},"author":1,"featured_media":0,"comment_status":"closed","ping_status":"closed","sticky":false,"template":"","format":"standard","meta":{"_mi_skip_tracking":false},"categories":[9],"tags":[],"_links":{"self":[{"href":"http:\/\/eglisethaborrennes.fr\/eglise\/wp-json\/wp\/v2\/posts\/1688"}],"collection":[{"href":"http:\/\/eglisethaborrennes.fr\/eglise\/wp-json\/wp\/v2\/posts"}],"about":[{"href":"http:\/\/eglisethaborrennes.fr\/eglise\/wp-json\/wp\/v2\/types\/post"}],"author":[{"embeddable":true,"href":"http:\/\/eglisethaborrennes.fr\/eglise\/wp-json\/wp\/v2\/users\/1"}],"replies":[{"embeddable":true,"href":"http:\/\/eglisethaborrennes.fr\/eglise\/wp-json\/wp\/v2\/comments?post=1688"}],"version-history":[{"count":6,"href":"http:\/\/eglisethaborrennes.fr\/eglise\/wp-json\/wp\/v2\/posts\/1688\/revisions"}],"predecessor-version":[{"id":2051,"href":"http:\/\/eglisethaborrennes.fr\/eglise\/wp-json\/wp\/v2\/posts\/1688\/revisions\/2051"}],"wp:attachment":[{"href":"http:\/\/eglisethaborrennes.fr\/eglise\/wp-json\/wp\/v2\/media?parent=1688"}],"wp:term":[{"taxonomy":"category","embeddable":true,"href":"http:\/\/eglisethaborrennes.fr\/eglise\/wp-json\/wp\/v2\/categories?post=1688"},{"taxonomy":"post_tag","embeddable":true,"href":"http:\/\/eglisethaborrennes.fr\/eglise\/wp-json\/wp\/v2\/tags?post=1688"}],"curies":[{"name":"wp","href":"https:\/\/api.w.org\/{rel}","templated":true}]}}