{"id":1331,"date":"2020-04-10T22:20:59","date_gmt":"2020-04-10T20:20:59","guid":{"rendered":"http:\/\/eglisethaborrennes.fr\/eglise\/?page_id=1331"},"modified":"2020-12-13T16:06:25","modified_gmt":"2020-12-13T15:06:25","slug":"paques-dimanche-12-avril-2020","status":"publish","type":"post","link":"http:\/\/eglisethaborrennes.fr\/eglise\/paques-dimanche-12-avril-2020\/","title":{"rendered":"Dimanche 12 avril 2020<br\/>P\u00e2ques"},"content":{"rendered":"<p>Chers fr\u00e8res et s\u0153urs,<\/p>\n<p>\u00c9vangile selon Jean\u00a0: 21. 1-14<\/p>\n<p><strong>Apr\u00e8s la r\u00e9surrection de J\u00e9sus, au matin de P\u00e2ques<\/strong>, c\u2019est la bousculade, J\u00e9sus appara\u00eet aux ap\u00f4tres, puis dispara\u00eet&#8230;il les habitue \u00e0 son absence. Il leur apprend la confiance.<\/p>\n<p><strong>Le voici au bord du lac de Tib\u00e9riade<\/strong>. J\u00e9sus se fait voir, il se <strong><em>\u00abmontre\u00bb<\/em><\/strong> dit l\u2019\u00c9vangile de Jean.<\/p>\n<p>J\u00e9sus se fait voir \u00abressuscit\u00e9\u00bb sans que le monde soit d\u00e9truit, car en r\u00e9alit\u00e9 personne ne peut voir Dieu et vivre. Et J\u00e9sus est Dieu, par qui toutes choses existent.<\/p>\n<p><strong>Il se montre mais sans montrer encore toute sa gloire,<\/strong> et voil\u00e0 qu\u2019il leur parle de p\u00eache, de poissons, de pains grill\u00e9s, des petites choses de la vie, petites mais importantes.<\/p>\n<p><strong>Il se montre proche des ap\u00f4tres<\/strong>, attentif \u00e0 leurs besoins. Il appara\u00eet dans son humilit\u00e9. Et J\u00e9sus mange avec eux du pain, du poisson, du miel. Peut-\u00eatre nous montre-t-il ce que sera notre nature humaine dans notre r\u00e9surrection\u00a0et dans le Royaume des cieux ?<\/p>\n<p>Nous vivons un temps d&rsquo;effondrement, la terre chancelle comme une cabane mais notre <strong>esp\u00e9rance est solide comme l\u2019ancre qui stabilise le bateau <\/strong>contre le vent, les vagues, les courants marins.<\/p>\n<p>Les \u00e9v\u00e9nements du monde secouent la barque de l\u2019Eglise, mais J\u00e9sus est au gouvernail.<\/p>\n<p>Laissons le souffle de J\u00e9sus gonfler nos voiles\u00a0: <em>je suis avec vous, je vous donne ma paix, que<\/em> <em>votre c\u0153ur ne se trouble pas\u2026<\/em><em>\u00a0<\/em><\/p>\n<p><strong>Beau temps de P\u00e2que dans votre maison, comme les disciples \u00e0 Emma\u00fcs, en pr\u00e9sence de J\u00e9sus.<\/strong><\/p>\n<p>Avec notre affection en Christ, et le soutien de nos pri\u00e8res pour vos et vos proches.<strong>\u00a0<\/strong><\/p>\n<p><strong><em>Pour ce culte de P\u00e2ques je vous propose\u00a0:<\/em><\/strong><\/p>\n<ol>\n<li>Ouverture <strong>avec une parole du pasteur<\/strong><\/li>\n<li>Cantique <strong>\u00ab\u00a0Pourquoi la Croix?\u00a0\u00bb<\/strong><\/li>\n<li>M\u00e9ditation <strong>\u00ab\u00a0Apparition de J\u00e9sus pr\u00e8s du lac\u00a0\u00bb<\/strong><\/li>\n<li>Conte\u00a0pour les enfants <strong>: \u00ab\u00a0La for\u00eat de ronces\u00a0\u00bb<\/strong><\/li>\n<li>Chant\u00a0pour enfants\u00a0: <b>\u00ab\u00a0Si tu crois dans ton c\u0153ur\u00a0\u00bb<\/b><\/li>\n<li>Cantique : <strong>\u00ab\u00a0A toi la gloire, \u00d4 Ressuscit\u00e9 !\u00a0\u00bb<\/strong><\/li>\n<li>Message de P\u00e2ques du <strong>Conservatoire de musique de Rennes<\/strong><\/li>\n<\/ol>\n<p><strong>Pasteur <em>Jacky Leprat<\/em>.<\/strong><\/p>\n<p>&nbsp;<\/p>\n<hr \/>\n<p><strong>Ouverture<\/strong><\/p>\n<!--[if lt IE 9]><script>document.createElement('audio');<\/script><![endif]-->\n<audio class=\"wp-audio-shortcode\" id=\"audio-1331-1\" preload=\"none\" style=\"width: 100%;\" controls=\"controls\"><source type=\"audio\/mpeg\" src=\"http:\/\/eglisethaborrennes.fr\/eglise\/wp-content\/uploads\/2020\/04\/Message-Voeux-P\u00e2ques.mp3?_=1\" \/><a href=\"http:\/\/eglisethaborrennes.fr\/eglise\/wp-content\/uploads\/2020\/04\/Message-Voeux-P\u00e2ques.mp3\">http:\/\/eglisethaborrennes.fr\/eglise\/wp-content\/uploads\/2020\/04\/Message-Voeux-P\u00e2ques.mp3<\/a><\/audio>\n<hr \/>\n<p><strong>Cantique &#8211; <em>\u00ab\u00a0Pourquoi la Croix ?\u00a0\u00bb<\/em><\/strong><\/p>\n<audio class=\"wp-audio-shortcode\" id=\"audio-1331-2\" preload=\"none\" style=\"width: 100%;\" controls=\"controls\"><source type=\"audio\/mpeg\" src=\"http:\/\/eglisethaborrennes.fr\/eglise\/wp-content\/uploads\/2020\/04\/Louange-chr\u00e9tienne-_Pourquoi-la-Croix.mp3?_=2\" \/><a href=\"http:\/\/eglisethaborrennes.fr\/eglise\/wp-content\/uploads\/2020\/04\/Louange-chr\u00e9tienne-_Pourquoi-la-Croix.mp3\">http:\/\/eglisethaborrennes.fr\/eglise\/wp-content\/uploads\/2020\/04\/Louange-chr\u00e9tienne-_Pourquoi-la-Croix.mp3<\/a><\/audio>\n<hr \/>\n<p><strong>M\u00e9ditation &#8211; <em>\u00ab\u00a0Apparition de J\u00e9sus pr\u00e8s du lac\u00a0\u00bb<\/em><\/strong><\/p>\n<div style=\"width: 525px;\" class=\"wp-video\"><!--[if lt IE 9]><script>document.createElement('video');<\/script><![endif]-->\n<video class=\"wp-video-shortcode\" id=\"video-1331-1\" width=\"525\" height=\"295\" preload=\"metadata\" controls=\"controls\"><source type=\"video\/mp4\" src=\"http:\/\/eglisethaborrennes.fr\/eglise\/wp-content\/uploads\/2020\/04\/2020-04-12-Apparition-1.mp4?_=1\" \/><a href=\"http:\/\/eglisethaborrennes.fr\/eglise\/wp-content\/uploads\/2020\/04\/2020-04-12-Apparition-1.mp4\">http:\/\/eglisethaborrennes.fr\/eglise\/wp-content\/uploads\/2020\/04\/2020-04-12-Apparition-1.mp4<\/a><\/video><\/div>\n<hr \/>\n<p><strong>Conte pour les enfants &#8211; <em>\u00ab\u00a0La for\u00eat de ronces\u00a0\u00bb<\/em><\/strong><\/p>\n<audio class=\"wp-audio-shortcode\" id=\"audio-1331-3\" preload=\"none\" style=\"width: 100%;\" controls=\"controls\"><source type=\"audio\/mpeg\" src=\"http:\/\/eglisethaborrennes.fr\/eglise\/wp-content\/uploads\/2020\/04\/Conte-Le-for\u00eat-de-ronces.mp3?_=3\" \/><a href=\"http:\/\/eglisethaborrennes.fr\/eglise\/wp-content\/uploads\/2020\/04\/Conte-Le-for\u00eat-de-ronces.mp3\">http:\/\/eglisethaborrennes.fr\/eglise\/wp-content\/uploads\/2020\/04\/Conte-Le-for\u00eat-de-ronces.mp3<\/a><\/audio>\n<p>Le texte complet est ici :\u00a0<a href=\"http:\/\/eglisethaborrennes.fr\/eglise\/index.php\/conte-pour-les-enfants-la-foret-de-ronces\/\">http:\/\/eglisethaborrennes.fr\/eglise\/index.php\/conte-pour-les-enfants-la-foret-de-ronces\/<\/a><\/p>\n<hr \/>\n<p><b>Cantique &#8211; <\/b><em><b>\u00ab\u00a0Si tu crois dans ton c\u0153ur\u00a0\u00bb<\/b><\/em><\/p>\n<audio class=\"wp-audio-shortcode\" id=\"audio-1331-4\" preload=\"none\" style=\"width: 100%;\" controls=\"controls\"><source type=\"audio\/mpeg\" src=\"http:\/\/eglisethaborrennes.fr\/eglise\/wp-content\/uploads\/2020\/04\/Si-tu-crois-dans-ton-coeur.mp3?_=4\" \/><a href=\"http:\/\/eglisethaborrennes.fr\/eglise\/wp-content\/uploads\/2020\/04\/Si-tu-crois-dans-ton-coeur.mp3\">http:\/\/eglisethaborrennes.fr\/eglise\/wp-content\/uploads\/2020\/04\/Si-tu-crois-dans-ton-coeur.mp3<\/a><\/audio>\n<hr \/>\n<p><strong>Cantique &#8211; <em>\u00ab\u00a0\u00c0 toi la gloire\u00a0\u00bb<\/em><\/strong><\/p>\n<audio class=\"wp-audio-shortcode\" id=\"audio-1331-5\" preload=\"none\" style=\"width: 100%;\" controls=\"controls\"><source type=\"audio\/mpeg\" src=\"http:\/\/eglisethaborrennes.fr\/eglise\/wp-content\/uploads\/2020\/04\/A-toi-la-gloire-\u00d4-ressuscit\u00e9.mp3?_=5\" \/><a href=\"http:\/\/eglisethaborrennes.fr\/eglise\/wp-content\/uploads\/2020\/04\/A-toi-la-gloire-\u00d4-ressuscit\u00e9.mp3\">http:\/\/eglisethaborrennes.fr\/eglise\/wp-content\/uploads\/2020\/04\/A-toi-la-gloire-\u00d4-ressuscit\u00e9.mp3<\/a><\/audio>\n<hr \/>\n<p><strong>Message de P\u00e2ques du Conservatoire de Musique de Rennes<\/strong><\/p>\n<p>En ces temps troubl\u00e9s, d\u2019incertitude, de douleur, de solitude\u2026 il est tellement important, au-del\u00e0 des diff\u00e9rences, de dire l\u2019amiti\u00e9 qui nous relie\u2026<\/p>\n<p>Voici mon message d\u2019amiti\u00e9 pour la communaut\u00e9 protestante du Thabor, pour cette belle \u00e9glise dans laquelle j\u2019ai jou\u00e9 de si nombreuses fois\u00a0: f\u00eate de la Musique, Journ\u00e9es du Patrimoine, c\u00e9l\u00e9bration des 500 ans de la R\u00e9forme&#8230;Message musical pour le <strong>Vendredi Saint<\/strong> et <strong>pour le dimanche Pascal<\/strong>, avec deux<strong> pr\u00e9ludes de Bach<\/strong> enregistr\u00e9s chez moi, l\u2019un au <strong>clavecin illustrant la mort du Christ<\/strong>, l\u2019autre \u00e0 <strong>l\u2019orgue pour sa R\u00e9surrection<\/strong>.<\/p>\n<p><strong><em>Luce Marliac<\/em>, professeur au Conservatoire de Rennes et membre d\u2019Amiti\u00e9 entre les Religions<\/strong><\/p>\n<p>Pour Vendredi Saint, Mort du Christ, <em>8\u00e8me Pr\u00e9lude Bach, pour clavecin<\/em><\/p>\n<audio class=\"wp-audio-shortcode\" id=\"audio-1331-6\" preload=\"none\" style=\"width: 100%;\" controls=\"controls\"><source type=\"audio\/mpeg\" src=\"http:\/\/eglisethaborrennes.fr\/eglise\/wp-content\/uploads\/2020\/04\/Pour-Vendredi-Saint-Mort-du-Christ-8\u00e8me-Pr\u00e9lude-Bach-pour-clavecin.m4a.mp3?_=6\" \/><a href=\"http:\/\/eglisethaborrennes.fr\/eglise\/wp-content\/uploads\/2020\/04\/Pour-Vendredi-Saint-Mort-du-Christ-8\u00e8me-Pr\u00e9lude-Bach-pour-clavecin.m4a.mp3\">http:\/\/eglisethaborrennes.fr\/eglise\/wp-content\/uploads\/2020\/04\/Pour-Vendredi-Saint-Mort-du-Christ-8\u00e8me-Pr\u00e9lude-Bach-pour-clavecin.m4a.mp3<\/a><\/audio>\n<p>Pour dimanche P\u00e2ques, r\u00e9surrection, <em>15\u00e8me Pr\u00e9lude Bach, pour orgue<\/em><\/p>\n<audio class=\"wp-audio-shortcode\" id=\"audio-1331-7\" preload=\"none\" style=\"width: 100%;\" controls=\"controls\"><source type=\"audio\/mpeg\" src=\"http:\/\/eglisethaborrennes.fr\/eglise\/wp-content\/uploads\/2020\/04\/Pour-dimanche-P\u00e2ques-r\u00e9surrection-15\u00e8me-Pr\u00e9lude-Bach-pour-orgue.m4a.mp3?_=7\" \/><a href=\"http:\/\/eglisethaborrennes.fr\/eglise\/wp-content\/uploads\/2020\/04\/Pour-dimanche-P\u00e2ques-r\u00e9surrection-15\u00e8me-Pr\u00e9lude-Bach-pour-orgue.m4a.mp3\">http:\/\/eglisethaborrennes.fr\/eglise\/wp-content\/uploads\/2020\/04\/Pour-dimanche-P\u00e2ques-r\u00e9surrection-15\u00e8me-Pr\u00e9lude-Bach-pour-orgue.m4a.mp3<\/a><\/audio>\n","protected":false},"excerpt":{"rendered":"<p>Chers fr\u00e8res et s\u0153urs, \u00c9vangile selon Jean\u00a0: 21. 1-14 Apr\u00e8s la r\u00e9surrection de J\u00e9sus, au matin de P\u00e2ques, c\u2019est la bousculade, J\u00e9sus appara\u00eet aux ap\u00f4tres, puis dispara\u00eet&#8230;il les habitue \u00e0 son absence. Il leur apprend la confiance. Le voici au bord du lac de Tib\u00e9riade. J\u00e9sus se fait voir, il se \u00abmontre\u00bb dit l\u2019\u00c9vangile de &hellip; <\/p>\n<p class=\"link-more\"><a href=\"http:\/\/eglisethaborrennes.fr\/eglise\/paques-dimanche-12-avril-2020\/\" class=\"more-link\">Continuer la lecture<span class=\"screen-reader-text\"> de &laquo;&nbsp;Dimanche 12 avril 2020<br \/>P\u00e2ques&nbsp;&raquo;<\/span><\/a><\/p>\n","protected":false},"author":1,"featured_media":0,"comment_status":"closed","ping_status":"closed","sticky":false,"template":"","format":"standard","meta":{"_mi_skip_tracking":false},"categories":[9],"tags":[],"_links":{"self":[{"href":"http:\/\/eglisethaborrennes.fr\/eglise\/wp-json\/wp\/v2\/posts\/1331"}],"collection":[{"href":"http:\/\/eglisethaborrennes.fr\/eglise\/wp-json\/wp\/v2\/posts"}],"about":[{"href":"http:\/\/eglisethaborrennes.fr\/eglise\/wp-json\/wp\/v2\/types\/post"}],"author":[{"embeddable":true,"href":"http:\/\/eglisethaborrennes.fr\/eglise\/wp-json\/wp\/v2\/users\/1"}],"replies":[{"embeddable":true,"href":"http:\/\/eglisethaborrennes.fr\/eglise\/wp-json\/wp\/v2\/comments?post=1331"}],"version-history":[{"count":12,"href":"http:\/\/eglisethaborrennes.fr\/eglise\/wp-json\/wp\/v2\/posts\/1331\/revisions"}],"predecessor-version":[{"id":2053,"href":"http:\/\/eglisethaborrennes.fr\/eglise\/wp-json\/wp\/v2\/posts\/1331\/revisions\/2053"}],"wp:attachment":[{"href":"http:\/\/eglisethaborrennes.fr\/eglise\/wp-json\/wp\/v2\/media?parent=1331"}],"wp:term":[{"taxonomy":"category","embeddable":true,"href":"http:\/\/eglisethaborrennes.fr\/eglise\/wp-json\/wp\/v2\/categories?post=1331"},{"taxonomy":"post_tag","embeddable":true,"href":"http:\/\/eglisethaborrennes.fr\/eglise\/wp-json\/wp\/v2\/tags?post=1331"}],"curies":[{"name":"wp","href":"https:\/\/api.w.org\/{rel}","templated":true}]}}