{"id":1317,"date":"2020-04-04T15:08:25","date_gmt":"2020-04-04T13:08:25","guid":{"rendered":"http:\/\/eglisethaborrennes.fr\/eglise\/?p=1317"},"modified":"2020-12-13T16:05:15","modified_gmt":"2020-12-13T15:05:15","slug":"dimanche-05-avril-2020","status":"publish","type":"post","link":"http:\/\/eglisethaborrennes.fr\/eglise\/dimanche-05-avril-2020\/","title":{"rendered":"Dimanche 05 avril 2020"},"content":{"rendered":"<p>Chers fr\u00e8res et s\u0153urs,<\/p>\n<p>Dans l\u2019Evangile, la barque des ap\u00f4tres est secou\u00e9e par la temp\u00eate. Notre barque aussi, et l\u2019\u00e9pid\u00e9mie a montr\u00e9 que nous ne sommes pas pr\u00eats.<\/p>\n<p>Les ap\u00f4tres n\u2019\u00e9taient pas pr\u00eats \u00e0 faire confiance, ils ne semblaient pas conna\u00eetre J\u00e9sus car ils disaient quand le calme f\u00fbt revenu\u00a0: \u00ab\u00a0Qui est celui-ci, \u00e0 qui ob\u00e9issent m\u00eame les vents et la mer\u00a0?\u00a0\u00bb (Matt 8 23-27)<\/p>\n<p>Le th\u00e8me de notre dimanche sera\u00a0<strong><em>la confiance en Dieu<\/em>.<\/strong> Je vous pr\u00e9sente\u00a0:<br \/>\n<strong>&#8211; Cantique :\u00a0<em>\u00ab\u00a0Mon ancre et ma voile \u00bb<\/em><br \/>\n<\/strong><strong>&#8211; M\u00e9ditation\u00a0: <em>\u00ab\u00a0Vivre avec confiance\u00a0\u00bb<\/em><br \/>\n<\/strong><strong>&#8211; Cantique\u00a0: <em>\u00ab \u00d4<\/em><em>\u00a0! Prends mon \u00e2me\u00a0\u00bb<\/em><\/strong><\/p>\n<p>Nous ne pouvons pas faire confiance au Seigneur sans le conna\u00eetre. Pour nous confier a lui, nous avons besoin de conna\u00eetre sa vie, sa mort, ses paroles, ses engagements envers nous et savoir que Dieu ne revient pas sur ses promesses.<\/p>\n<p><strong>Pasteur Jacky Leprat<\/strong><\/p>\n<hr \/>\n<p><b>Cantique &#8211;<i> \u00ab\u00a0Mon ancre et ma voile\u00a0\u00bb<\/i><\/b><\/p>\n<!--[if lt IE 9]><script>document.createElement('audio');<\/script><![endif]-->\n<audio class=\"wp-audio-shortcode\" id=\"audio-1317-1\" preload=\"none\" style=\"width: 100%;\" controls=\"controls\"><source type=\"audio\/mpeg\" src=\"http:\/\/eglisethaborrennes.fr\/eglise\/wp-content\/uploads\/2020\/04\/Mon-ancre-et-ma-voile.mp3?_=1\" \/><a href=\"http:\/\/eglisethaborrennes.fr\/eglise\/wp-content\/uploads\/2020\/04\/Mon-ancre-et-ma-voile.mp3\">http:\/\/eglisethaborrennes.fr\/eglise\/wp-content\/uploads\/2020\/04\/Mon-ancre-et-ma-voile.mp3<\/a><\/audio>\n<hr \/>\n<p style=\"text-align: left;\"><strong>M\u00e9ditation &#8211; \u00ab\u00a0<em>Vivre avec confiance\u00a0\u00bb<\/em><\/strong><\/p>\n<div style=\"width: 525px;\" class=\"wp-video\"><!--[if lt IE 9]><script>document.createElement('video');<\/script><![endif]-->\n<video class=\"wp-video-shortcode\" id=\"video-1317-1\" width=\"525\" height=\"295\" preload=\"metadata\" controls=\"controls\"><source type=\"video\/mp4\" src=\"http:\/\/eglisethaborrennes.fr\/eglise\/wp-content\/uploads\/2020\/04\/Predication-Vivre-avec-confiance-1.mp4?_=1\" \/><a href=\"http:\/\/eglisethaborrennes.fr\/eglise\/wp-content\/uploads\/2020\/04\/Predication-Vivre-avec-confiance-1.mp4\">http:\/\/eglisethaborrennes.fr\/eglise\/wp-content\/uploads\/2020\/04\/Predication-Vivre-avec-confiance-1.mp4<\/a><\/video><\/div>\n<hr \/>\n<p style=\"text-align: left;\"><strong>Cantique\u00a0: <em>\u00ab\u00a0\u00d4 ! Prends mon \u00e2me\u00a0\u00bb<\/em><\/strong><\/p>\n<audio class=\"wp-audio-shortcode\" id=\"audio-1317-2\" preload=\"none\" style=\"width: 100%;\" controls=\"controls\"><source type=\"audio\/mpeg\" src=\"http:\/\/eglisethaborrennes.fr\/eglise\/wp-content\/uploads\/2020\/04\/Oh-prends-mon-a\u0302me.mp3?_=2\" \/><a href=\"http:\/\/eglisethaborrennes.fr\/eglise\/wp-content\/uploads\/2020\/04\/Oh-prends-mon-a\u0302me.mp3\">http:\/\/eglisethaborrennes.fr\/eglise\/wp-content\/uploads\/2020\/04\/Oh-prends-mon-a\u0302me.mp3<\/a><\/audio>\n","protected":false},"excerpt":{"rendered":"<p>Chers fr\u00e8res et s\u0153urs, Dans l\u2019Evangile, la barque des ap\u00f4tres est secou\u00e9e par la temp\u00eate. Notre barque aussi, et l\u2019\u00e9pid\u00e9mie a montr\u00e9 que nous ne sommes pas pr\u00eats. Les ap\u00f4tres n\u2019\u00e9taient pas pr\u00eats \u00e0 faire confiance, ils ne semblaient pas conna\u00eetre J\u00e9sus car ils disaient quand le calme f\u00fbt revenu\u00a0: \u00ab\u00a0Qui est celui-ci, \u00e0 qui &hellip; <\/p>\n<p class=\"link-more\"><a href=\"http:\/\/eglisethaborrennes.fr\/eglise\/dimanche-05-avril-2020\/\" class=\"more-link\">Continuer la lecture<span class=\"screen-reader-text\"> de &laquo;&nbsp;Dimanche 05 avril 2020&nbsp;&raquo;<\/span><\/a><\/p>\n","protected":false},"author":1,"featured_media":0,"comment_status":"open","ping_status":"open","sticky":false,"template":"","format":"standard","meta":{"_mi_skip_tracking":false},"categories":[9],"tags":[],"_links":{"self":[{"href":"http:\/\/eglisethaborrennes.fr\/eglise\/wp-json\/wp\/v2\/posts\/1317"}],"collection":[{"href":"http:\/\/eglisethaborrennes.fr\/eglise\/wp-json\/wp\/v2\/posts"}],"about":[{"href":"http:\/\/eglisethaborrennes.fr\/eglise\/wp-json\/wp\/v2\/types\/post"}],"author":[{"embeddable":true,"href":"http:\/\/eglisethaborrennes.fr\/eglise\/wp-json\/wp\/v2\/users\/1"}],"replies":[{"embeddable":true,"href":"http:\/\/eglisethaborrennes.fr\/eglise\/wp-json\/wp\/v2\/comments?post=1317"}],"version-history":[{"count":6,"href":"http:\/\/eglisethaborrennes.fr\/eglise\/wp-json\/wp\/v2\/posts\/1317\/revisions"}],"predecessor-version":[{"id":1330,"href":"http:\/\/eglisethaborrennes.fr\/eglise\/wp-json\/wp\/v2\/posts\/1317\/revisions\/1330"}],"wp:attachment":[{"href":"http:\/\/eglisethaborrennes.fr\/eglise\/wp-json\/wp\/v2\/media?parent=1317"}],"wp:term":[{"taxonomy":"category","embeddable":true,"href":"http:\/\/eglisethaborrennes.fr\/eglise\/wp-json\/wp\/v2\/categories?post=1317"},{"taxonomy":"post_tag","embeddable":true,"href":"http:\/\/eglisethaborrennes.fr\/eglise\/wp-json\/wp\/v2\/tags?post=1317"}],"curies":[{"name":"wp","href":"https:\/\/api.w.org\/{rel}","templated":true}]}}