{"id":1310,"date":"2020-03-27T21:46:58","date_gmt":"2020-03-27T20:46:58","guid":{"rendered":"http:\/\/eglisethaborrennes.fr\/eglise\/?page_id=1310"},"modified":"2020-12-13T16:04:58","modified_gmt":"2020-12-13T15:04:58","slug":"dimanche-29-mars-2020","status":"publish","type":"post","link":"http:\/\/eglisethaborrennes.fr\/eglise\/dimanche-29-mars-2020\/","title":{"rendered":"Dimanche 29 mars 2020"},"content":{"rendered":"<p>Chers fr\u00e8res et s\u0153urs,<\/p>\n<p>Que la paix et la joie du Christ soient avec chacun de vous.<strong><em>\u00a0<\/em><\/strong><\/p>\n<p style=\"text-align: center;\"><strong><em>\u00ab\u00a0Seigneur, la terre est boulevers\u00e9e<\/em><\/strong><em>, mais tu nous appelles \u00e0 venir avec toi sur la montagne<br \/>\n<\/em><em>pour \u00eatre secourus dans tous nos besoins.<br \/>\n<\/em><em>Par ton Saint-Esprit aide-nous \u00e0 discerner ce qui est vital pour notre vie et pour l\u2019Eglise.<br \/>\n<\/em><em>En ce dimanche, <strong>fais entendre ta voix et arr\u00eate l\u2019\u00e9pid\u00e9mie<\/strong>,<br \/>\nprot\u00e8ge-nous avec nos a\u00een\u00e9s, nos enfants et les soignants.\u00a0\u00bb<\/em><\/p>\n<p><strong>Je vous propose pour ce culte\u00a0: <\/strong><\/p>\n<ul>\n<li>Le Psaume\u00a046.5-8 <strong>\u00ab\u00a0Dieu comme un fleuve protecteur\u00a0\u00bb<\/strong><\/li>\n<li>M\u00e9ditation\u00a0: <strong>\u00ab\u00a0Dans la d\u00e9tresse, accueillir J\u00e9sus\u00a0\u00bb<\/strong><\/li>\n<li>Chant\u00a0: <strong>\u00ab\u00a0Gr\u00e2ce infinie\u00a0\u00bb<\/strong><\/li>\n<\/ul>\n<p><em><strong>Pasteur Jacky Leprat<\/strong><\/em><\/p>\n<hr \/>\n<p><em><strong><span>\u201cDieu comme un fleuve protecteur\u201d<\/span><\/strong><\/em><\/p>\n<p style=\"text-align: center;\"><em>\u00ab\u00a0Dieu est un secours qui ne manque jamais dans la d\u00e9tresse \u2026<\/em><br \/>\n<em>Il est un fleuve dont les canaux r\u00e9jouissent la cit\u00e9 de Dieu,<\/em><br \/>\n<em>Le sanctuaire des demeures du Tr\u00e8s-Haut.<\/em><\/p>\n<p style=\"text-align: center;\"><em>Dieu est au milieu d\u2019elle\u00a0: elle ne vacille pas\u00a0;<\/em><br \/>\n<em>Dieu la secourt d\u00e8s l\u2019aube du matin.<\/em><br \/>\n<em>Des nations grondent, des royaumes vacillent\u00a0;<\/em><br \/>\n<em>Il fait entendre sa voix\u00a0: la terre s\u2019effondre.<\/em><\/p>\n<p style=\"text-align: center;\"><em>Le Seigneur des Arm\u00e9es est pour nous,<\/em><br \/>\n<em>Le Dieu de Jacob est pour nous une citadelle.\u00a0\u00bb<\/em><\/p>\n<p style=\"text-align: center;\"><strong><span>Psaume 46. 5-8<\/span><\/strong><\/p>\n<p><iframe loading=\"lazy\" width=\"100%\" height=\"220\" src=\"https:\/\/rcf.fr\/embed\/2338528\" frameborder=\"0\"><\/iframe><\/p>\n<hr \/>\n<p><strong>M\u00e9ditation &#8211; <em>\u00ab\u00a0Dans la d\u00e9tresse accueillir J\u00e9sus\u00a0\u00bb<\/em> (Evangile selon Luc 10. 25-37)<\/strong><\/p>\n<p>Ce voyageur bless\u00e9 et d\u00e9pouill\u00e9 au bord du chemin, c\u2019est notre monde aujourd\u2019hui,<br \/>\nc\u2019est chacun de nous, arr\u00eat\u00e9 dans notre course par un virus, ou autre chose.<br \/>\nMais il y a le Samaritain, J\u00e9sus, qui offre son secours.<br \/>\nUn secours \u00e0 accueillir, un Sauveur \u00e0 aimer.<\/p>\n<p><strong>Dans cette parabole le Seigneur nous invite \u00e0 retrouver l\u2019essentiel\u00a0:<br \/>\naimer Dieu, aimer son prochain comme soi-m\u00eame.<\/strong><\/p>\n<p>Je vous souhaite un bon dimanche et que la paix du Christ garde vos c\u0153urs et vos pens\u00e9es.<\/p>\n<p>Avec mon affection dans le Seigneur et le soutien de mes pri\u00e8res<\/p>\n<div style=\"width: 525px;\" class=\"wp-video\"><!--[if lt IE 9]><script>document.createElement('video');<\/script><![endif]-->\n<video class=\"wp-video-shortcode\" id=\"video-1310-1\" width=\"525\" height=\"295\" preload=\"metadata\" controls=\"controls\"><source type=\"video\/mp4\" src=\"http:\/\/eglisethaborrennes.fr\/eglise\/videos\/Predication-Dans-la-detresse-acceuillir-Jesus.mp4?_=1\" \/><a href=\"http:\/\/eglisethaborrennes.fr\/eglise\/videos\/Predication-Dans-la-detresse-acceuillir-Jesus.mp4\">http:\/\/eglisethaborrennes.fr\/eglise\/videos\/Predication-Dans-la-detresse-acceuillir-Jesus.mp4<\/a><\/video><\/div>\n<hr \/>\n<p><strong>Cantique &#8211; <em>\u00ab\u00a0Gr\u00e2ce infinie\u00a0\u00bb<\/em><\/strong><\/p>\n<!--[if lt IE 9]><script>document.createElement('audio');<\/script><![endif]-->\n<audio class=\"wp-audio-shortcode\" id=\"audio-1310-1\" preload=\"none\" style=\"width: 100%;\" controls=\"controls\"><source type=\"audio\/mpeg\" src=\"http:\/\/eglisethaborrennes.fr\/eglise\/wp-content\/uploads\/2020\/03\/02-Gr\u00e2ce-infinie-Amazing-Grace-Chant.mp3?_=1\" \/><a href=\"http:\/\/eglisethaborrennes.fr\/eglise\/wp-content\/uploads\/2020\/03\/02-Gr\u00e2ce-infinie-Amazing-Grace-Chant.mp3\">http:\/\/eglisethaborrennes.fr\/eglise\/wp-content\/uploads\/2020\/03\/02-Gr\u00e2ce-infinie-Amazing-Grace-Chant.mp3<\/a><\/audio>\n","protected":false},"excerpt":{"rendered":"<p>Chers fr\u00e8res et s\u0153urs, Que la paix et la joie du Christ soient avec chacun de vous.\u00a0 \u00ab\u00a0Seigneur, la terre est boulevers\u00e9e, mais tu nous appelles \u00e0 venir avec toi sur la montagne pour \u00eatre secourus dans tous nos besoins. Par ton Saint-Esprit aide-nous \u00e0 discerner ce qui est vital pour notre vie et pour &hellip; <\/p>\n<p class=\"link-more\"><a href=\"http:\/\/eglisethaborrennes.fr\/eglise\/dimanche-29-mars-2020\/\" class=\"more-link\">Continuer la lecture<span class=\"screen-reader-text\"> de &laquo;&nbsp;Dimanche 29 mars 2020&nbsp;&raquo;<\/span><\/a><\/p>\n","protected":false},"author":1,"featured_media":0,"comment_status":"closed","ping_status":"closed","sticky":false,"template":"","format":"standard","meta":{"_mi_skip_tracking":false},"categories":[9],"tags":[],"_links":{"self":[{"href":"http:\/\/eglisethaborrennes.fr\/eglise\/wp-json\/wp\/v2\/posts\/1310"}],"collection":[{"href":"http:\/\/eglisethaborrennes.fr\/eglise\/wp-json\/wp\/v2\/posts"}],"about":[{"href":"http:\/\/eglisethaborrennes.fr\/eglise\/wp-json\/wp\/v2\/types\/post"}],"author":[{"embeddable":true,"href":"http:\/\/eglisethaborrennes.fr\/eglise\/wp-json\/wp\/v2\/users\/1"}],"replies":[{"embeddable":true,"href":"http:\/\/eglisethaborrennes.fr\/eglise\/wp-json\/wp\/v2\/comments?post=1310"}],"version-history":[{"count":4,"href":"http:\/\/eglisethaborrennes.fr\/eglise\/wp-json\/wp\/v2\/posts\/1310\/revisions"}],"predecessor-version":[{"id":1315,"href":"http:\/\/eglisethaborrennes.fr\/eglise\/wp-json\/wp\/v2\/posts\/1310\/revisions\/1315"}],"wp:attachment":[{"href":"http:\/\/eglisethaborrennes.fr\/eglise\/wp-json\/wp\/v2\/media?parent=1310"}],"wp:term":[{"taxonomy":"category","embeddable":true,"href":"http:\/\/eglisethaborrennes.fr\/eglise\/wp-json\/wp\/v2\/categories?post=1310"},{"taxonomy":"post_tag","embeddable":true,"href":"http:\/\/eglisethaborrennes.fr\/eglise\/wp-json\/wp\/v2\/tags?post=1310"}],"curies":[{"name":"wp","href":"https:\/\/api.w.org\/{rel}","templated":true}]}}