{"id":1294,"date":"2020-03-18T21:24:09","date_gmt":"2020-03-18T20:24:09","guid":{"rendered":"http:\/\/eglisethaborrennes.fr\/eglise\/?p=1294"},"modified":"2020-12-13T16:04:40","modified_gmt":"2020-12-13T15:04:40","slug":"dimanche-22-mars-2020","status":"publish","type":"post","link":"http:\/\/eglisethaborrennes.fr\/eglise\/dimanche-22-mars-2020\/","title":{"rendered":"Dimanche 22 mars 2020"},"content":{"rendered":"<p>Chers s\u0153urs et fr\u00e8res,<\/p>\n<p>\u00ab\u00a0<em>J\u00e9sus est au milieu de nous, son regard s\u2019abaisse sur nous\u2026<\/em>\u00a0\u00bb<br \/>\nNous l\u2019avons chant\u00e9 quelques jours avant l\u2019\u00e9pid\u00e9mie.<br \/>\nJ\u00e9sus voit le d\u00e9sarroi des hommes et des femmes cr\u00e9\u00e9s \u00e0 son image,<br \/>\ncar l\u2019humanit\u00e9 est arr\u00eat\u00e9e par un virus invisible qui fait penser au D\u00e9luge de No\u00e9.<\/p>\n<p>\u00ab\u00a0<em>Seigneur, sois pr\u00e8s de moi quand le tentateur me r\u00e9p\u00e8te que tu ne t\u2019occupes pas de moi<\/em><br \/>\n<em>ou que je suis trop petit pour que tu viennes jusqu\u2019\u00e0\u00a0moi.<\/em>\u00a0\u00bb<\/p>\n<p>Tu me dis \u00ab\u00a0<em>Tu es pr\u00e9cieux \u00e0 mes yeux. N\u2019aie pas peur car je suis avec toi<\/em>\u00a0\u00bb (Esa\u00efe 43 . 4-5)<\/p>\n<p>\u00c9coutons une m\u00e9ditation sur les regards de J\u00e9sus, quelques pens\u00e9es sur le Psaume 46 et un cantique.\u00a0Nous \u00e9couterons la deuxi\u00e8me partie du Psaume 46 dimanche prochain<\/p>\n<p>Avec mon affection dans le Seigneur. Que la paix du Christ remplisse vos c\u0153urs et vos pens\u00e9es.<\/p>\n<p><strong>Pasteur <\/strong><em><strong>Jacky Leprat<\/strong><\/em><\/p>\n<hr \/>\n<p><em><strong><span style=\"font-size: large;\">\u00ab\u00a0Un refuge quand la terre est boulevers\u00e9e\u00a0\u00bb<\/span><\/strong><\/em><\/p>\n<p style=\"text-align: center;\"><em>\u00ab\u00a0Dieu est pour nous un refuge et un appui,<br \/>\nUn secours qui ne manque jamais dans la d\u00e9tresse.<br \/>\nC\u2019est pourquoi nous sommes sans crainte<br \/>\nquand la terre est boulevers\u00e9e,<br \/>\nEt que les montagnes vacillent au c\u0153ur des mers,<br \/>\nQuand les flots de la mer grondent, \u00e9cument,<br \/>\nSe soul\u00e8vent jusqu\u2019\u00e0 faire trembler les montagnes.\u00a0\u00bb<\/em><\/p>\n<p style=\"text-align: center;\"><strong><span style=\"font-size: large;\">Psaume 46. 1-4<\/span><\/strong><\/p>\n<p><iframe loading=\"lazy\" width=\"100%\" height=\"220\" src=\"https:\/\/rcf.fr\/embed\/2332905\" frameborder=\"0\"><\/iframe><\/p>\n<hr \/>\n<p><strong>M\u00e9ditation &#8211; <em>\u00ab\u00a0Les regards de J\u00e9sus\u00a0\u00bb<\/em> :<\/strong><\/p>\n<div style=\"width: 525px;\" class=\"wp-video\"><!--[if lt IE 9]><script>document.createElement('video');<\/script><![endif]-->\n<video class=\"wp-video-shortcode\" id=\"video-1294-1\" width=\"525\" height=\"295\" preload=\"metadata\" controls=\"controls\"><source type=\"video\/mp4\" src=\"http:\/\/eglisethaborrennes.fr\/eglise\/wp-content\/uploads\/2020\/03\/Pr\u00e9dication-Les-regards-de-J\u00e9sus.mp4?_=1\" \/><a href=\"http:\/\/eglisethaborrennes.fr\/eglise\/wp-content\/uploads\/2020\/03\/Pr\u00e9dication-Les-regards-de-J\u00e9sus.mp4\">http:\/\/eglisethaborrennes.fr\/eglise\/wp-content\/uploads\/2020\/03\/Pr\u00e9dication-Les-regards-de-J\u00e9sus.mp4<\/a><\/video><\/div>\n<hr \/>\n<p><strong>Cantique &#8211; <em>\u00ab\u00a0Oui, je crois\u00a0\u00bb<\/em> :<\/strong><\/p>\n<!--[if lt IE 9]><script>document.createElement('audio');<\/script><![endif]-->\n<audio class=\"wp-audio-shortcode\" id=\"audio-1294-1\" preload=\"none\" style=\"width: 100%;\" controls=\"controls\"><source type=\"audio\/mpeg\" src=\"http:\/\/eglisethaborrennes.fr\/eglise\/wp-content\/uploads\/2020\/03\/11-Oui-je-crois-Le-cr\u00e9do-Chant.mp3?_=1\" \/><a href=\"http:\/\/eglisethaborrennes.fr\/eglise\/wp-content\/uploads\/2020\/03\/11-Oui-je-crois-Le-cr\u00e9do-Chant.mp3\">http:\/\/eglisethaborrennes.fr\/eglise\/wp-content\/uploads\/2020\/03\/11-Oui-je-crois-Le-cr\u00e9do-Chant.mp3<\/a><\/audio>\n","protected":false},"excerpt":{"rendered":"<p>Chers s\u0153urs et fr\u00e8res, \u00ab\u00a0J\u00e9sus est au milieu de nous, son regard s\u2019abaisse sur nous\u2026\u00a0\u00bb Nous l\u2019avons chant\u00e9 quelques jours avant l\u2019\u00e9pid\u00e9mie. J\u00e9sus voit le d\u00e9sarroi des hommes et des femmes cr\u00e9\u00e9s \u00e0 son image, car l\u2019humanit\u00e9 est arr\u00eat\u00e9e par un virus invisible qui fait penser au D\u00e9luge de No\u00e9. \u00ab\u00a0Seigneur, sois pr\u00e8s de moi &hellip; <\/p>\n<p class=\"link-more\"><a href=\"http:\/\/eglisethaborrennes.fr\/eglise\/dimanche-22-mars-2020\/\" class=\"more-link\">Continuer la lecture<span class=\"screen-reader-text\"> de &laquo;&nbsp;Dimanche 22 mars 2020&nbsp;&raquo;<\/span><\/a><\/p>\n","protected":false},"author":1,"featured_media":0,"comment_status":"open","ping_status":"open","sticky":false,"template":"","format":"standard","meta":{"_mi_skip_tracking":false},"categories":[9],"tags":[],"_links":{"self":[{"href":"http:\/\/eglisethaborrennes.fr\/eglise\/wp-json\/wp\/v2\/posts\/1294"}],"collection":[{"href":"http:\/\/eglisethaborrennes.fr\/eglise\/wp-json\/wp\/v2\/posts"}],"about":[{"href":"http:\/\/eglisethaborrennes.fr\/eglise\/wp-json\/wp\/v2\/types\/post"}],"author":[{"embeddable":true,"href":"http:\/\/eglisethaborrennes.fr\/eglise\/wp-json\/wp\/v2\/users\/1"}],"replies":[{"embeddable":true,"href":"http:\/\/eglisethaborrennes.fr\/eglise\/wp-json\/wp\/v2\/comments?post=1294"}],"version-history":[{"count":8,"href":"http:\/\/eglisethaborrennes.fr\/eglise\/wp-json\/wp\/v2\/posts\/1294\/revisions"}],"predecessor-version":[{"id":1324,"href":"http:\/\/eglisethaborrennes.fr\/eglise\/wp-json\/wp\/v2\/posts\/1294\/revisions\/1324"}],"wp:attachment":[{"href":"http:\/\/eglisethaborrennes.fr\/eglise\/wp-json\/wp\/v2\/media?parent=1294"}],"wp:term":[{"taxonomy":"category","embeddable":true,"href":"http:\/\/eglisethaborrennes.fr\/eglise\/wp-json\/wp\/v2\/categories?post=1294"},{"taxonomy":"post_tag","embeddable":true,"href":"http:\/\/eglisethaborrennes.fr\/eglise\/wp-json\/wp\/v2\/tags?post=1294"}],"curies":[{"name":"wp","href":"https:\/\/api.w.org\/{rel}","templated":true}]}}