{"id":1214,"date":"2020-03-15T16:37:48","date_gmt":"2020-03-15T15:37:48","guid":{"rendered":"http:\/\/eglisethaborrennes.fr\/eglise\/?p=1214"},"modified":"2020-12-13T16:04:27","modified_gmt":"2020-12-13T15:04:27","slug":"covid-19-mot-du-pasteur-jacky-leprat","status":"publish","type":"post","link":"http:\/\/eglisethaborrennes.fr\/eglise\/covid-19-mot-du-pasteur-jacky-leprat\/","title":{"rendered":"Covid-19 : Mot du pasteur Jacky Leprat"},"content":{"rendered":"<p><em><strong>Message audio du pasteur Jacky Leprat :<\/strong><\/em><\/p>\n<!--[if lt IE 9]><script>document.createElement('audio');<\/script><![endif]-->\n<audio class=\"wp-audio-shortcode\" id=\"audio-1214-1\" preload=\"none\" style=\"width: 100%;\" controls=\"controls\"><source type=\"audio\/mpeg\" src=\"http:\/\/eglisethaborrennes.fr\/eglise\/wp-content\/uploads\/2020\/03\/2020-03-14-Message-M-Leprat.mp3?_=1\" \/><a href=\"http:\/\/eglisethaborrennes.fr\/eglise\/wp-content\/uploads\/2020\/03\/2020-03-14-Message-M-Leprat.mp3\">http:\/\/eglisethaborrennes.fr\/eglise\/wp-content\/uploads\/2020\/03\/2020-03-14-Message-M-Leprat.mp3<\/a><\/audio>\n<div>\n<p>Chers fr\u00e8res et s\u0153urs,<\/p>\n<p>Nous traversons un temps d\u2019\u00e9pid\u00e9mie, et c\u2019est une \u00e9preuve pour le monde et pour l\u2019Eglise du Seigneur.<\/p>\n<p>Avec l\u2019accord des Conseils d\u2019administration de notre Eglise, j\u2019ai souhait\u00e9 faire cette information.<\/p>\n<p>Pour respecter notre prochain et les directives du Gouvernement, le Conseil des Assembl\u00e9es de Dieu de France a d\u00e9cid\u00e9 de suspendre toutes les r\u00e9unions des Eglises.<\/p>\n<p>Pour l\u2019Eglise du Thabor de Rennes, cela signifie les cultes, les conf\u00e9rences d\u2019\u00e9vang\u00e9lisation, les r\u00e9unions de pri\u00e8re, les \u00e9coles du dimanche, les r\u00e9unions de jeunesse, d\u2019adolescents, les r\u00e9p\u00e9tions de chorale, le soutien scolaire, les mini rencontres au boulevard de Metz, et cela \u00e0 partir du vendredi 13 mars, et pour un temps encore ind\u00e9fini.<\/p>\n<p>En attendant des temps meilleurs, nous restons fid\u00e8le au Seigneur et \u00e0 son Eglise, et nous prions pour nos fr\u00e8res et s\u0153urs \u00e2g\u00e9s, pour les malades (petite Ya\u00e9lis) et pour toute l\u2019Eglise chaque jour.<\/p>\n<p>Nous r\u00e9\u00e9coutons les Paroles de Dieu<\/p>\n<p>\u00ab\u00a0Je t&rsquo;\u00e9tablis pour \u00eatre la lumi\u00e8re des nations, Pour porter mon salut jusqu&rsquo;aux extr\u00e9mit\u00e9s de la terre.\u00a0\u00bb (Esa\u00efe 49 . 6)<\/p>\n<p>\u00ab\u00a0Ne t&rsquo;ai-je pas donn\u00e9 cet ordre: Fortifie-toi et prends courage? Ne t&rsquo;effraie point et ne t&rsquo;\u00e9pouvante point, car l&rsquo;\u00c9ternel, ton Dieu, est avec toi dans tout ce que tu entreprendras.\u00a0\u00bb (Josu\u00e9 1 . 9)<\/p>\n<p>Nous vivons dans cette esp\u00e9rance. Je prie le Seigneur pour vous et vos familles.<\/p>\n<p>Je garde le lien avec vous par des pr\u00e9dications chaque semaine sur le site de l\u2019Eglise\u00a0 (<a href=\"http:\/\/egliseduthaborrennes.fr\"><strong>http:\/\/eglisethaborrennes.fr<\/strong><\/a>\u00a0) ainsi que sur le site\u00a0:\u00a0 \u00a0<a href=\"http:\/\/chroniques-chr\u00e9tiennes.fr\"><strong>http:\/\/chroniques-chr\u00e9tiennes.fr<\/strong><\/a><\/p>\n<p>N\u2019h\u00e9sitez pas \u00e0 m\u2019appeler si vous avez besoin de pri\u00e8re et de r\u00e9confort pour votre sant\u00e9 et votre vie spirituelle, afin que nous traversions ce temps difficile le mieux possible.<\/p>\n<p>Avec mon affection en J\u00e9sus-Christ<br \/>\n<em><strong>Pasteur Jacky Leprat<\/strong><\/em><br \/>\n<strong>T\u00e9l 06.08.62.14.37<\/strong><\/p>\n<\/div>\n<div><\/div>\n<div><em><strong>Communiqu\u00e9 du CNEF :<\/strong><\/em><\/div>\n<div><\/div>\n<div><a href=\"http:\/\/eglisethaborrennes.fr\/eglise\/wp-content\/uploads\/2020\/03\/CNEF.doc\">CNEF <em>(cliquez pour t\u00e9l\u00e9charger)<\/em><\/a><\/div>\n<div><\/div>\n","protected":false},"excerpt":{"rendered":"<p>Message audio du pasteur Jacky Leprat : Chers fr\u00e8res et s\u0153urs, Nous traversons un temps d\u2019\u00e9pid\u00e9mie, et c\u2019est une \u00e9preuve pour le monde et pour l\u2019Eglise du Seigneur. Avec l\u2019accord des Conseils d\u2019administration de notre Eglise, j\u2019ai souhait\u00e9 faire cette information. Pour respecter notre prochain et les directives du Gouvernement, le Conseil des Assembl\u00e9es de &hellip; <\/p>\n<p class=\"link-more\"><a href=\"http:\/\/eglisethaborrennes.fr\/eglise\/covid-19-mot-du-pasteur-jacky-leprat\/\" class=\"more-link\">Continuer la lecture<span class=\"screen-reader-text\"> de &laquo;&nbsp;Covid-19 : Mot du pasteur Jacky Leprat&nbsp;&raquo;<\/span><\/a><\/p>\n","protected":false},"author":1,"featured_media":0,"comment_status":"open","ping_status":"open","sticky":false,"template":"","format":"standard","meta":{"_mi_skip_tracking":false},"categories":[10],"tags":[],"_links":{"self":[{"href":"http:\/\/eglisethaborrennes.fr\/eglise\/wp-json\/wp\/v2\/posts\/1214"}],"collection":[{"href":"http:\/\/eglisethaborrennes.fr\/eglise\/wp-json\/wp\/v2\/posts"}],"about":[{"href":"http:\/\/eglisethaborrennes.fr\/eglise\/wp-json\/wp\/v2\/types\/post"}],"author":[{"embeddable":true,"href":"http:\/\/eglisethaborrennes.fr\/eglise\/wp-json\/wp\/v2\/users\/1"}],"replies":[{"embeddable":true,"href":"http:\/\/eglisethaborrennes.fr\/eglise\/wp-json\/wp\/v2\/comments?post=1214"}],"version-history":[{"count":3,"href":"http:\/\/eglisethaborrennes.fr\/eglise\/wp-json\/wp\/v2\/posts\/1214\/revisions"}],"predecessor-version":[{"id":1277,"href":"http:\/\/eglisethaborrennes.fr\/eglise\/wp-json\/wp\/v2\/posts\/1214\/revisions\/1277"}],"wp:attachment":[{"href":"http:\/\/eglisethaborrennes.fr\/eglise\/wp-json\/wp\/v2\/media?parent=1214"}],"wp:term":[{"taxonomy":"category","embeddable":true,"href":"http:\/\/eglisethaborrennes.fr\/eglise\/wp-json\/wp\/v2\/categories?post=1214"},{"taxonomy":"post_tag","embeddable":true,"href":"http:\/\/eglisethaborrennes.fr\/eglise\/wp-json\/wp\/v2\/tags?post=1214"}],"curies":[{"name":"wp","href":"https:\/\/api.w.org\/{rel}","templated":true}]}}