{"id":1166,"date":"2020-03-07T18:43:11","date_gmt":"2020-03-07T17:43:11","guid":{"rendered":"http:\/\/eglisethaborrennes.fr\/eglise\/?page_id=1166"},"modified":"2020-03-15T16:51:38","modified_gmt":"2020-03-15T15:51:38","slug":"a-chaque-chant-son-histoire","status":"publish","type":"post","link":"http:\/\/eglisethaborrennes.fr\/eglise\/a-chaque-chant-son-histoire\/","title":{"rendered":"\u00c0 chaque Chant son Histoire (2020-03-06)"},"content":{"rendered":"<p style=\"text-align: center;\">\u00ab\u00a0<em>L\u2019\u00c9ternel ton Dieu, au milieu de toi, est puissant, il sauvera. Il se<\/em><br \/>\n<em>r\u00e9jouira avec joie \u00e0 ton sujet, il gardera le silence dans son amour,<\/em><br \/>\n<em>il exultera \u00e0 ton sujet avec chant de triomphe.<\/em>\u00a0\u00bb<br \/>\n<strong>Sophonie 3:17<\/strong><\/p>\n<p>&nbsp;<\/p>\n<!--[if lt IE 9]><script>document.createElement('audio');<\/script><![endif]-->\n\t<div class=\"wp-playlist wp-audio-playlist wp-playlist-light\">\n\t\t\t<div class=\"wp-playlist-current-item\"><\/div>\n\t\t<audio controls=\"controls\" preload=\"none\" width=\"503\"\n\t\t\t><\/audio>\n\t<div class=\"wp-playlist-next\"><\/div>\n\t<div class=\"wp-playlist-prev\"><\/div>\n\t<noscript>\n\t<ol>\n\t\t<li><a href='http:\/\/eglisethaborrennes.fr\/eglise\/wp-content\/uploads\/2020\/03\/01-Gr\u00e2ce-infinie-Amazing-Grace-Histoire.mp3'>01 - Gr\u00e2ce infinie (Amazing Grace) (Histoire)<\/a><\/li><li><a href='http:\/\/eglisethaborrennes.fr\/eglise\/wp-content\/uploads\/2020\/03\/02-Gr\u00e2ce-infinie-Amazing-Grace-Chant.mp3'>02 - Gr\u00e2ce infinie (Amazing Grace) (Chant)<\/a><\/li><li><a href='http:\/\/eglisethaborrennes.fr\/eglise\/wp-content\/uploads\/2020\/03\/03-Enfant-de-Dieu-Chant.mp3'>03 - Enfant de Dieu (Chant)<\/a><\/li><li><a href='http:\/\/eglisethaborrennes.fr\/eglise\/wp-content\/uploads\/2020\/03\/04-Quel-repose-c\u00e9leste-Histoire.mp3'>04 - Quel repose c\u00e9leste (Histoire)<\/a><\/li><li><a href='http:\/\/eglisethaborrennes.fr\/eglise\/wp-content\/uploads\/2020\/03\/05-Quel-repos-c\u00e9leste-Chant.mp3'>05 - Quel repos c\u00e9leste (Chant)<\/a><\/li><li><a href='http:\/\/eglisethaborrennes.fr\/eglise\/wp-content\/uploads\/2020\/03\/06-\u00d4-viens-\u00e0-son-autel-Chant.mp3'>06 - \u00d4 viens \u00e0 son autel (Chant)<\/a><\/li><li><a href='http:\/\/eglisethaborrennes.fr\/eglise\/wp-content\/uploads\/2020\/03\/07-Tel-que-je-suis-sans-rien-\u00e0-moi-Histoire.mp3'>07 - Tel que je suis, sans rien \u00e0 moi (Histoire)<\/a><\/li><li><a href='http:\/\/eglisethaborrennes.fr\/eglise\/wp-content\/uploads\/2020\/03\/08-Tel-que-je-suis-sans-rien-\u00e0-moi-Chant.mp3'>08 - Tel que je suis, sans rien \u00e0 moi (Chant)<\/a><\/li><li><a href='http:\/\/eglisethaborrennes.fr\/eglise\/wp-content\/uploads\/2020\/03\/09-Medley-Sonde-moi-Jirai-Seigneur-\u00e0-quel-autre-Chants.mp3'>09 - Medley - Sonde-moi - J'irai - Seigneur \u00e0 quel autre (Chants)<\/a><\/li><li><a href='http:\/\/eglisethaborrennes.fr\/eglise\/wp-content\/uploads\/2020\/03\/10-Gr\u00e2ce-infinie-Vases-dargile-Chant.mp3'>10 - Gr\u00e2ce infinie (Vases d'argile) (Chant)<\/a><\/li><li><a href='http:\/\/eglisethaborrennes.fr\/eglise\/wp-content\/uploads\/2020\/03\/11-Oui-je-crois-Le-cr\u00e9do-Chant.mp3'>11 - Oui je crois (Le cr\u00e9do) (Chant)<\/a><\/li><li><a href='http:\/\/eglisethaborrennes.fr\/eglise\/wp-content\/uploads\/2020\/03\/12-Jai-soif-de-Ta-pr\u00e9sence-Histoire.mp3'>12 - J'ai soif de Ta pr\u00e9sence (Histoire)<\/a><\/li><li><a href='http:\/\/eglisethaborrennes.fr\/eglise\/wp-content\/uploads\/2020\/03\/13-Jai-soif-de-Ta-pr\u00e9sence-Chant.mp3'>13 - J'ai soif de Ta pr\u00e9sence (Chant)<\/a><\/li><li><a href='http:\/\/eglisethaborrennes.fr\/eglise\/wp-content\/uploads\/2020\/03\/14-Dieu-Tu-es-Histoire.mp3'>14 - Dieu Tu es (Histoire)<\/a><\/li><li><a href='http:\/\/eglisethaborrennes.fr\/eglise\/wp-content\/uploads\/2020\/03\/15-Dieu-Tu-es-Chant.mp3'>15 - Dieu Tu es (Chant)<\/a><\/li><li><a href='http:\/\/eglisethaborrennes.fr\/eglise\/wp-content\/uploads\/2020\/03\/16-Quel-ami-fid\u00e8le-et-tendre-Histoire.mp3'>16 - Quel ami fid\u00e8le et tendre (Histoire)<\/a><\/li><li><a href='http:\/\/eglisethaborrennes.fr\/eglise\/wp-content\/uploads\/2020\/03\/17-Quel-ami-fid\u00e8le-et-tendre-Chant.mp3'>17 - Quel ami fid\u00e8le et tendre (Chant)<\/a><\/li>\t<\/ol>\n\t<\/noscript>\n\t<script type=\"application\/json\" class=\"wp-playlist-script\">{\"type\":\"audio\",\"tracklist\":true,\"tracknumbers\":true,\"images\":true,\"artists\":true,\"tracks\":[{\"src\":\"http:\\\/\\\/eglisethaborrennes.fr\\\/eglise\\\/wp-content\\\/uploads\\\/2020\\\/03\\\/01-Gr\\u00e2ce-infinie-Amazing-Grace-Histoire.mp3\",\"type\":\"audio\\\/mpeg\",\"title\":\"01 - Gr\\u00e2ce infinie (Amazing Grace) (Histoire)\",\"caption\":\"\",\"description\":\"<i>01 - Gr\\u00e2ce infinie (Amazing Grace) (Histoire)<\\\/i> par Eglise du Thabor, Rennes. Date de sortie\\u00a0: 2020. Genre\\u00a0: Evangelique.\",\"meta\":{\"artist\":\"Eglise du Thabor, Rennes\",\"genre\":\"Evangelique\",\"year\":\"2020\",\"length_formatted\":\"2:58\"},\"image\":{\"src\":\"http:\\\/\\\/eglisethaborrennes.fr\\\/eglise\\\/wp-includes\\\/images\\\/media\\\/audio.png\",\"width\":48,\"height\":64},\"thumb\":{\"src\":\"http:\\\/\\\/eglisethaborrennes.fr\\\/eglise\\\/wp-includes\\\/images\\\/media\\\/audio.png\",\"width\":48,\"height\":64}},{\"src\":\"http:\\\/\\\/eglisethaborrennes.fr\\\/eglise\\\/wp-content\\\/uploads\\\/2020\\\/03\\\/02-Gr\\u00e2ce-infinie-Amazing-Grace-Chant.mp3\",\"type\":\"audio\\\/mpeg\",\"title\":\"02 - Gr\\u00e2ce infinie (Amazing Grace) (Chant)\",\"caption\":\"\",\"description\":\"<i>02 - Gr\\u00e2ce infinie (Amazing Grace) (Chant)<\\\/i> par Eglise du Thabor, Rennes. Date de sortie\\u00a0: 2020. Genre\\u00a0: Evangelique.\",\"meta\":{\"artist\":\"Eglise du Thabor, Rennes\",\"genre\":\"Evangelique\",\"year\":\"2020\",\"length_formatted\":\"4:41\"},\"image\":{\"src\":\"http:\\\/\\\/eglisethaborrennes.fr\\\/eglise\\\/wp-includes\\\/images\\\/media\\\/audio.png\",\"width\":48,\"height\":64},\"thumb\":{\"src\":\"http:\\\/\\\/eglisethaborrennes.fr\\\/eglise\\\/wp-includes\\\/images\\\/media\\\/audio.png\",\"width\":48,\"height\":64}},{\"src\":\"http:\\\/\\\/eglisethaborrennes.fr\\\/eglise\\\/wp-content\\\/uploads\\\/2020\\\/03\\\/03-Enfant-de-Dieu-Chant.mp3\",\"type\":\"audio\\\/mpeg\",\"title\":\"03 - Enfant de Dieu (Chant)\",\"caption\":\"\",\"description\":\"<i>03 - Enfant de Dieu (Chant)<\\\/i> par Eglise du Thabor, Rennes. Date de sortie\\u00a0: 2020. Genre\\u00a0: Evangelique.\",\"meta\":{\"artist\":\"Eglise du Thabor, Rennes\",\"genre\":\"Evangelique\",\"year\":\"2020\",\"length_formatted\":\"4:51\"},\"image\":{\"src\":\"http:\\\/\\\/eglisethaborrennes.fr\\\/eglise\\\/wp-includes\\\/images\\\/media\\\/audio.png\",\"width\":48,\"height\":64},\"thumb\":{\"src\":\"http:\\\/\\\/eglisethaborrennes.fr\\\/eglise\\\/wp-includes\\\/images\\\/media\\\/audio.png\",\"width\":48,\"height\":64}},{\"src\":\"http:\\\/\\\/eglisethaborrennes.fr\\\/eglise\\\/wp-content\\\/uploads\\\/2020\\\/03\\\/04-Quel-repose-c\\u00e9leste-Histoire.mp3\",\"type\":\"audio\\\/mpeg\",\"title\":\"04 - Quel repose c\\u00e9leste (Histoire)\",\"caption\":\"\",\"description\":\"<i>04 - Quel repose c\\u00e9leste (Histoire)<\\\/i> par Eglise du Thabor, Rennes. Date de sortie\\u00a0: 2020. Genre\\u00a0: Evangelique.\",\"meta\":{\"artist\":\"Eglise du Thabor, Rennes\",\"genre\":\"Evangelique\",\"year\":\"2020\",\"length_formatted\":\"2:35\"},\"image\":{\"src\":\"http:\\\/\\\/eglisethaborrennes.fr\\\/eglise\\\/wp-includes\\\/images\\\/media\\\/audio.png\",\"width\":48,\"height\":64},\"thumb\":{\"src\":\"http:\\\/\\\/eglisethaborrennes.fr\\\/eglise\\\/wp-includes\\\/images\\\/media\\\/audio.png\",\"width\":48,\"height\":64}},{\"src\":\"http:\\\/\\\/eglisethaborrennes.fr\\\/eglise\\\/wp-content\\\/uploads\\\/2020\\\/03\\\/05-Quel-repos-c\\u00e9leste-Chant.mp3\",\"type\":\"audio\\\/mpeg\",\"title\":\"05 - Quel repos c\\u00e9leste (Chant)\",\"caption\":\"\",\"description\":\"<i>05 - Quel repos c\\u00e9leste (Chant)<\\\/i> par Eglise du Thabor, Rennes. Date de sortie\\u00a0: 2020. Genre\\u00a0: Evangelique.\",\"meta\":{\"artist\":\"Eglise du Thabor, Rennes\",\"genre\":\"Evangelique\",\"year\":\"2020\",\"length_formatted\":\"6:08\"},\"image\":{\"src\":\"http:\\\/\\\/eglisethaborrennes.fr\\\/eglise\\\/wp-includes\\\/images\\\/media\\\/audio.png\",\"width\":48,\"height\":64},\"thumb\":{\"src\":\"http:\\\/\\\/eglisethaborrennes.fr\\\/eglise\\\/wp-includes\\\/images\\\/media\\\/audio.png\",\"width\":48,\"height\":64}},{\"src\":\"http:\\\/\\\/eglisethaborrennes.fr\\\/eglise\\\/wp-content\\\/uploads\\\/2020\\\/03\\\/06-\\u00d4-viens-\\u00e0-son-autel-Chant.mp3\",\"type\":\"audio\\\/mpeg\",\"title\":\"06 - \\u00d4 viens \\u00e0 son autel (Chant)\",\"caption\":\"\",\"description\":\"<i>06 - \\u00d4 viens \\u00e0 son autel (Chant)<\\\/i> par Eglise du Thabor, Rennes. Date de sortie\\u00a0: 2020. Genre\\u00a0: Evangelique.\",\"meta\":{\"artist\":\"Eglise du Thabor, Rennes\",\"genre\":\"Evangelique\",\"year\":\"2020\",\"length_formatted\":\"3:54\"},\"image\":{\"src\":\"http:\\\/\\\/eglisethaborrennes.fr\\\/eglise\\\/wp-includes\\\/images\\\/media\\\/audio.png\",\"width\":48,\"height\":64},\"thumb\":{\"src\":\"http:\\\/\\\/eglisethaborrennes.fr\\\/eglise\\\/wp-includes\\\/images\\\/media\\\/audio.png\",\"width\":48,\"height\":64}},{\"src\":\"http:\\\/\\\/eglisethaborrennes.fr\\\/eglise\\\/wp-content\\\/uploads\\\/2020\\\/03\\\/07-Tel-que-je-suis-sans-rien-\\u00e0-moi-Histoire.mp3\",\"type\":\"audio\\\/mpeg\",\"title\":\"07 - Tel que je suis, sans rien \\u00e0 moi (Histoire)\",\"caption\":\"\",\"description\":\"<i>07 - Tel que je suis, sans rien \\u00e0 moi (Histoire)<\\\/i> par Eglise du Thabor, Rennes. Date de sortie\\u00a0: 2020. Genre\\u00a0: Evangelique.\",\"meta\":{\"artist\":\"Eglise du Thabor, Rennes\",\"genre\":\"Evangelique\",\"year\":\"2020\",\"length_formatted\":\"2:48\"},\"image\":{\"src\":\"http:\\\/\\\/eglisethaborrennes.fr\\\/eglise\\\/wp-includes\\\/images\\\/media\\\/audio.png\",\"width\":48,\"height\":64},\"thumb\":{\"src\":\"http:\\\/\\\/eglisethaborrennes.fr\\\/eglise\\\/wp-includes\\\/images\\\/media\\\/audio.png\",\"width\":48,\"height\":64}},{\"src\":\"http:\\\/\\\/eglisethaborrennes.fr\\\/eglise\\\/wp-content\\\/uploads\\\/2020\\\/03\\\/08-Tel-que-je-suis-sans-rien-\\u00e0-moi-Chant.mp3\",\"type\":\"audio\\\/mpeg\",\"title\":\"08 - Tel que je suis, sans rien \\u00e0 moi (Chant)\",\"caption\":\"\",\"description\":\"<i>08 - Tel que je suis, sans rien \\u00e0 moi (Chant)<\\\/i> par Eglise du Thabor, Rennes. Date de sortie\\u00a0: 2020. Genre\\u00a0: Evangelique.\",\"meta\":{\"artist\":\"Eglise du Thabor, Rennes\",\"genre\":\"Evangelique\",\"year\":\"2020\",\"length_formatted\":\"2:30\"},\"image\":{\"src\":\"http:\\\/\\\/eglisethaborrennes.fr\\\/eglise\\\/wp-includes\\\/images\\\/media\\\/audio.png\",\"width\":48,\"height\":64},\"thumb\":{\"src\":\"http:\\\/\\\/eglisethaborrennes.fr\\\/eglise\\\/wp-includes\\\/images\\\/media\\\/audio.png\",\"width\":48,\"height\":64}},{\"src\":\"http:\\\/\\\/eglisethaborrennes.fr\\\/eglise\\\/wp-content\\\/uploads\\\/2020\\\/03\\\/09-Medley-Sonde-moi-Jirai-Seigneur-\\u00e0-quel-autre-Chants.mp3\",\"type\":\"audio\\\/mpeg\",\"title\":\"09 - Medley - Sonde-moi - J'irai - Seigneur \\u00e0 quel autre (Chants)\",\"caption\":\"\",\"description\":\"<i>09 - Medley - Sonde-moi - J'irai - Seigneur \\u00e0 quel autre (Chants)<\\\/i> par Eglise du Thabor, Rennes. Date de sortie\\u00a0: 2020. Genre\\u00a0: Evangelique.\",\"meta\":{\"artist\":\"Eglise du Thabor, Rennes\",\"genre\":\"Evangelique\",\"year\":\"2020\",\"length_formatted\":\"7:11\"},\"image\":{\"src\":\"http:\\\/\\\/eglisethaborrennes.fr\\\/eglise\\\/wp-includes\\\/images\\\/media\\\/audio.png\",\"width\":48,\"height\":64},\"thumb\":{\"src\":\"http:\\\/\\\/eglisethaborrennes.fr\\\/eglise\\\/wp-includes\\\/images\\\/media\\\/audio.png\",\"width\":48,\"height\":64}},{\"src\":\"http:\\\/\\\/eglisethaborrennes.fr\\\/eglise\\\/wp-content\\\/uploads\\\/2020\\\/03\\\/10-Gr\\u00e2ce-infinie-Vases-dargile-Chant.mp3\",\"type\":\"audio\\\/mpeg\",\"title\":\"10 - Gr\\u00e2ce infinie (Vases d'argile) (Chant)\",\"caption\":\"\",\"description\":\"<i>10 - Gr\\u00e2ce infinie (Vases d'argile) (Chant)<\\\/i> par Eglise du Thabor, Rennes. Date de sortie\\u00a0: 2020. Genre\\u00a0: Evangelique.\",\"meta\":{\"artist\":\"Eglise du Thabor, Rennes\",\"genre\":\"Evangelique\",\"year\":\"2020\",\"length_formatted\":\"5:33\"},\"image\":{\"src\":\"http:\\\/\\\/eglisethaborrennes.fr\\\/eglise\\\/wp-includes\\\/images\\\/media\\\/audio.png\",\"width\":48,\"height\":64},\"thumb\":{\"src\":\"http:\\\/\\\/eglisethaborrennes.fr\\\/eglise\\\/wp-includes\\\/images\\\/media\\\/audio.png\",\"width\":48,\"height\":64}},{\"src\":\"http:\\\/\\\/eglisethaborrennes.fr\\\/eglise\\\/wp-content\\\/uploads\\\/2020\\\/03\\\/11-Oui-je-crois-Le-cr\\u00e9do-Chant.mp3\",\"type\":\"audio\\\/mpeg\",\"title\":\"11 - Oui je crois (Le cr\\u00e9do) (Chant)\",\"caption\":\"\",\"description\":\"<i>11 - Oui je crois (Le cr\\u00e9do) (Chant)<\\\/i> par Eglise du Thabor, Rennes. Date de sortie\\u00a0: 2020. Genre\\u00a0: Evangelique.\",\"meta\":{\"artist\":\"Eglise du Thabor, Rennes\",\"genre\":\"Evangelique\",\"year\":\"2020\",\"length_formatted\":\"4:36\"},\"image\":{\"src\":\"http:\\\/\\\/eglisethaborrennes.fr\\\/eglise\\\/wp-includes\\\/images\\\/media\\\/audio.png\",\"width\":48,\"height\":64},\"thumb\":{\"src\":\"http:\\\/\\\/eglisethaborrennes.fr\\\/eglise\\\/wp-includes\\\/images\\\/media\\\/audio.png\",\"width\":48,\"height\":64}},{\"src\":\"http:\\\/\\\/eglisethaborrennes.fr\\\/eglise\\\/wp-content\\\/uploads\\\/2020\\\/03\\\/12-Jai-soif-de-Ta-pr\\u00e9sence-Histoire.mp3\",\"type\":\"audio\\\/mpeg\",\"title\":\"12 - J'ai soif de Ta pr\\u00e9sence (Histoire)\",\"caption\":\"\",\"description\":\"<i>12 - J'ai soif de Ta pr\\u00e9sence (Histoire)<\\\/i> par Eglise du Thabor, Rennes. Date de sortie\\u00a0: 2020. Genre\\u00a0: Evangelique.\",\"meta\":{\"artist\":\"Eglise du Thabor, Rennes\",\"genre\":\"Evangelique\",\"year\":\"2020\",\"length_formatted\":\"1:35\"},\"image\":{\"src\":\"http:\\\/\\\/eglisethaborrennes.fr\\\/eglise\\\/wp-includes\\\/images\\\/media\\\/audio.png\",\"width\":48,\"height\":64},\"thumb\":{\"src\":\"http:\\\/\\\/eglisethaborrennes.fr\\\/eglise\\\/wp-includes\\\/images\\\/media\\\/audio.png\",\"width\":48,\"height\":64}},{\"src\":\"http:\\\/\\\/eglisethaborrennes.fr\\\/eglise\\\/wp-content\\\/uploads\\\/2020\\\/03\\\/13-Jai-soif-de-Ta-pr\\u00e9sence-Chant.mp3\",\"type\":\"audio\\\/mpeg\",\"title\":\"13 - J'ai soif de Ta pr\\u00e9sence (Chant)\",\"caption\":\"\",\"description\":\"<i>13 - J'ai soif de Ta pr\\u00e9sence (Chant)<\\\/i> par Eglise du Thabor, Rennes. Date de sortie\\u00a0: 2020. Genre\\u00a0: Evangelique.\",\"meta\":{\"artist\":\"Eglise du Thabor, Rennes\",\"genre\":\"Evangelique\",\"year\":\"2020\",\"length_formatted\":\"3:57\"},\"image\":{\"src\":\"http:\\\/\\\/eglisethaborrennes.fr\\\/eglise\\\/wp-includes\\\/images\\\/media\\\/audio.png\",\"width\":48,\"height\":64},\"thumb\":{\"src\":\"http:\\\/\\\/eglisethaborrennes.fr\\\/eglise\\\/wp-includes\\\/images\\\/media\\\/audio.png\",\"width\":48,\"height\":64}},{\"src\":\"http:\\\/\\\/eglisethaborrennes.fr\\\/eglise\\\/wp-content\\\/uploads\\\/2020\\\/03\\\/14-Dieu-Tu-es-Histoire.mp3\",\"type\":\"audio\\\/mpeg\",\"title\":\"14 - Dieu Tu es (Histoire)\",\"caption\":\"\",\"description\":\"<i>14 - Dieu Tu es (Histoire)<\\\/i> par Eglise du Thabor, Rennes. Date de sortie\\u00a0: 2020. Genre\\u00a0: Evangelique.\",\"meta\":{\"artist\":\"Eglise du Thabor, Rennes\",\"genre\":\"Evangelique\",\"year\":\"2020\",\"length_formatted\":\"1:37\"},\"image\":{\"src\":\"http:\\\/\\\/eglisethaborrennes.fr\\\/eglise\\\/wp-includes\\\/images\\\/media\\\/audio.png\",\"width\":48,\"height\":64},\"thumb\":{\"src\":\"http:\\\/\\\/eglisethaborrennes.fr\\\/eglise\\\/wp-includes\\\/images\\\/media\\\/audio.png\",\"width\":48,\"height\":64}},{\"src\":\"http:\\\/\\\/eglisethaborrennes.fr\\\/eglise\\\/wp-content\\\/uploads\\\/2020\\\/03\\\/15-Dieu-Tu-es-Chant.mp3\",\"type\":\"audio\\\/mpeg\",\"title\":\"15 - Dieu Tu es (Chant)\",\"caption\":\"\",\"description\":\"<i>15 - Dieu Tu es (Chant)<\\\/i> par Eglise du Thabor, Rennes. Date de sortie\\u00a0: 2020. Genre\\u00a0: Evangelique.\",\"meta\":{\"artist\":\"Eglise du Thabor, Rennes\",\"genre\":\"Evangelique\",\"year\":\"2020\",\"length_formatted\":\"4:21\"},\"image\":{\"src\":\"http:\\\/\\\/eglisethaborrennes.fr\\\/eglise\\\/wp-includes\\\/images\\\/media\\\/audio.png\",\"width\":48,\"height\":64},\"thumb\":{\"src\":\"http:\\\/\\\/eglisethaborrennes.fr\\\/eglise\\\/wp-includes\\\/images\\\/media\\\/audio.png\",\"width\":48,\"height\":64}},{\"src\":\"http:\\\/\\\/eglisethaborrennes.fr\\\/eglise\\\/wp-content\\\/uploads\\\/2020\\\/03\\\/16-Quel-ami-fid\\u00e8le-et-tendre-Histoire.mp3\",\"type\":\"audio\\\/mpeg\",\"title\":\"16 - Quel ami fid\\u00e8le et tendre (Histoire)\",\"caption\":\"\",\"description\":\"<i>16 - Quel ami fid\\u00e8le et tendre (Histoire)<\\\/i> par Eglise du Thabor, Rennes. Date de sortie\\u00a0: 2020. Genre\\u00a0: Evangelique.\",\"meta\":{\"artist\":\"Eglise du Thabor, Rennes\",\"genre\":\"Evangelique\",\"year\":\"2020\",\"length_formatted\":\"2:11\"},\"image\":{\"src\":\"http:\\\/\\\/eglisethaborrennes.fr\\\/eglise\\\/wp-includes\\\/images\\\/media\\\/audio.png\",\"width\":48,\"height\":64},\"thumb\":{\"src\":\"http:\\\/\\\/eglisethaborrennes.fr\\\/eglise\\\/wp-includes\\\/images\\\/media\\\/audio.png\",\"width\":48,\"height\":64}},{\"src\":\"http:\\\/\\\/eglisethaborrennes.fr\\\/eglise\\\/wp-content\\\/uploads\\\/2020\\\/03\\\/17-Quel-ami-fid\\u00e8le-et-tendre-Chant.mp3\",\"type\":\"audio\\\/mpeg\",\"title\":\"17 - Quel ami fid\\u00e8le et tendre (Chant)\",\"caption\":\"\",\"description\":\"<i>17 - Quel ami fid\\u00e8le et tendre (Chant)<\\\/i> par Eglise du Thabor, Rennes. Date de sortie\\u00a0: 2020. Genre\\u00a0: Evangelique.\",\"meta\":{\"artist\":\"Eglise du Thabor, Rennes\",\"genre\":\"Evangelique\",\"year\":\"2020\",\"length_formatted\":\"3:45\"},\"image\":{\"src\":\"http:\\\/\\\/eglisethaborrennes.fr\\\/eglise\\\/wp-includes\\\/images\\\/media\\\/audio.png\",\"width\":48,\"height\":64},\"thumb\":{\"src\":\"http:\\\/\\\/eglisethaborrennes.fr\\\/eglise\\\/wp-includes\\\/images\\\/media\\\/audio.png\",\"width\":48,\"height\":64}}]}<\/script>\n<\/div>\n\t\n","protected":false},"excerpt":{"rendered":"<p>\u00ab\u00a0L\u2019\u00c9ternel ton Dieu, au milieu de toi, est puissant, il sauvera. Il se r\u00e9jouira avec joie \u00e0 ton sujet, il gardera le silence dans son amour, il exultera \u00e0 ton sujet avec chant de triomphe.\u00a0\u00bb Sophonie 3:17 &nbsp;<\/p>\n","protected":false},"author":1,"featured_media":0,"comment_status":"closed","ping_status":"closed","sticky":false,"template":"","format":"standard","meta":{"_mi_skip_tracking":false},"categories":[],"tags":[],"_links":{"self":[{"href":"http:\/\/eglisethaborrennes.fr\/eglise\/wp-json\/wp\/v2\/posts\/1166"}],"collection":[{"href":"http:\/\/eglisethaborrennes.fr\/eglise\/wp-json\/wp\/v2\/posts"}],"about":[{"href":"http:\/\/eglisethaborrennes.fr\/eglise\/wp-json\/wp\/v2\/types\/post"}],"author":[{"embeddable":true,"href":"http:\/\/eglisethaborrennes.fr\/eglise\/wp-json\/wp\/v2\/users\/1"}],"replies":[{"embeddable":true,"href":"http:\/\/eglisethaborrennes.fr\/eglise\/wp-json\/wp\/v2\/comments?post=1166"}],"version-history":[{"count":3,"href":"http:\/\/eglisethaborrennes.fr\/eglise\/wp-json\/wp\/v2\/posts\/1166\/revisions"}],"predecessor-version":[{"id":1200,"href":"http:\/\/eglisethaborrennes.fr\/eglise\/wp-json\/wp\/v2\/posts\/1166\/revisions\/1200"}],"wp:attachment":[{"href":"http:\/\/eglisethaborrennes.fr\/eglise\/wp-json\/wp\/v2\/media?parent=1166"}],"wp:term":[{"taxonomy":"category","embeddable":true,"href":"http:\/\/eglisethaborrennes.fr\/eglise\/wp-json\/wp\/v2\/categories?post=1166"},{"taxonomy":"post_tag","embeddable":true,"href":"http:\/\/eglisethaborrennes.fr\/eglise\/wp-json\/wp\/v2\/tags?post=1166"}],"curies":[{"name":"wp","href":"https:\/\/api.w.org\/{rel}","templated":true}]}}